{"id":1879,"date":"2026-07-11T09:20:33","date_gmt":"2026-07-11T07:20:33","guid":{"rendered":"https:\/\/toundemediea.olorundigitech.com\/accueil\/?p=1879"},"modified":"2026-07-11T09:20:34","modified_gmt":"2026-07-11T07:20:34","slug":"%f0%9d%97%a0%f0%9d%97%b6%f0%9d%97%bb%f0%9d%97%b6%f0%9d%98%80%f0%9d%98%81%f0%9d%97%b2%f0%9d%97%bf%f0%9d%97%b2-%f0%9d%97%b1%f0%9d%97%b2%f0%9d%97%b9%f0%9d%97%b2%f0%9d%97%b4%f0%9d%98%82","status":"publish","type":"post","link":"https:\/\/toundemediea.olorundigitech.com\/accueil\/%f0%9d%97%a0%f0%9d%97%b6%f0%9d%97%bb%f0%9d%97%b6%f0%9d%98%80%f0%9d%98%81%f0%9d%97%b2%f0%9d%97%bf%f0%9d%97%b2-%f0%9d%97%b1%f0%9d%97%b2%f0%9d%97%b9%f0%9d%97%b2%f0%9d%97%b4%f0%9d%98%82\/","title":{"rendered":"\ud835\udde0\ud835\uddf6\ud835\uddfb\ud835\uddf6\ud835\ude00\ud835\ude01\ud835\uddf2\u0300\ud835\uddff\ud835\uddf2 \ud835\uddf1\ud835\uddf2\u0301\ud835\uddf9\ud835\uddf2\u0301\ud835\uddf4\ud835\ude02\ud835\uddf2\u0301 \ud835\uddf0\ud835\uddf5\ud835\uddee\ud835\uddff\ud835\uddf4\ud835\uddf2\u0301 \ud835\uddf1\ud835\uddf2\ud835\ude00 \ud835\uddd9\ud835\uddf6\ud835\uddfb\ud835\uddee\ud835\uddfb\ud835\uddf0\ud835\uddf2\ud835\ude00 \ud835\uddf2\ud835\ude01 \ud835\uddf1\ud835\uddf2 \ud835\uddf9\ud835\uddee \ud835\udde0\ud835\uddf6\ud835\uddf0\ud835\uddff\ud835\uddfc\ud835\uddf3\ud835\uddf6\ud835\uddfb\ud835\uddee\ud835\uddfb\ud835\uddf0\ud835\uddf2: \ud835\uddde\ud835\uddfc\ud835\uddf1\ud835\uddf7\ud835\uddfc\ud835\ude03\ud835\uddf6 \ud835\uddd7\ud835\udddd\ud835\udde2\ud835\udde6\ud835\udde6\ud835\udde2\ud835\udde8 \ud835\uddfd\ud835\uddff\ud835\uddf2\ud835\uddfb\ud835\uddf1 \ud835\uddf9\ud835\uddf2\ud835\ude00 \ud835\uddff\ud835\uddf2\u0302\ud835\uddfb\ud835\uddf2\ud835\ude00 \ud835\uddf1\ud835\ude02 \ud835\udde6\ud835\uddf2\ud835\uddf0\ud835\uddff\ud835\uddf2\u0301\ud835\ude01\ud835\uddee\ud835\uddff\ud835\uddf6\ud835\uddee\ud835\ude01 \ud835\uddda\ud835\uddf2\u0301\ud835\uddfb\ud835\uddf2\u0301\ud835\uddff\ud835\uddee\ud835\uddf9"},"content":{"rendered":"\n<p class=\"wp-block-paragraph\">Le Minist\u00e8re d\u00e9l\u00e9gu\u00e9 charg\u00e9 des Finances et de la Microfinance a officiellement son nouveau Secr\u00e9taire g\u00e9n\u00e9ral. Ce jeudi 09 juillet 2026, une c\u00e9r\u00e9monie de passation de charges s\u2019est tenue entre \ud835\udde0. \ud835\uddd4\ud835\uddf9\ud835\uddef\ud835\uddee\ud835\uddfb \ud835\uddd5\ud835\uddf6\ud835\uddf2\ud835\uddfb\ud835\ude03\ud835\uddf2\ud835\uddfb\ud835\ude02 \ud835\uddd5\ud835\uddd8\ud835\udde6\ud835\udde6\ud835\uddd4\ud835\udde1, Secr\u00e9taire g\u00e9n\u00e9ral sortant, d\u00e9sormais \ud835\udde3\ud835\uddff\ud835\uddf2\ud835\uddfa\ud835\uddf6\ud835\uddf2\ud835\uddff \ud835\udde6\ud835\uddf2\ud835\uddf0\ud835\uddff\ud835\uddf2\u0301\ud835\ude01\ud835\uddee\ud835\uddf6\ud835\uddff\ud835\uddf2 \ud835\uddda\ud835\uddf2\u0301\ud835\uddfb\ud835\uddf2\u0301\ud835\uddff\ud835\uddee\ud835\uddf9 \ud835\uddd4\ud835\uddf1\ud835\uddf7\ud835\uddfc\ud835\uddf6\ud835\uddfb\ud835\ude01 \ud835\uddf1\ud835\ude02 \ud835\uddda\ud835\uddfc\ud835\ude02\ud835\ude03\ud835\uddf2\ud835\uddff\ud835\uddfb\ud835\uddf2\ud835\uddfa\ud835\uddf2\ud835\uddfb\ud835\ude01, et son successeur \ud835\udde0. \ud835\uddde\ud835\uddfc\ud835\uddf1\ud835\uddf7\ud835\uddfc\ud835\ude03\ud835\uddf6 \ud835\uddd7\ud835\udddd\ud835\udde2\ud835\udde6\ud835\udde6\ud835\udde2\ud835\udde8.<\/p>\n\n\n\n<figure class=\"wp-block-gallery has-nested-images columns-default is-cropped wp-block-gallery-1 is-layout-flex wp-block-gallery-is-layout-flex\">\n<figure class=\"wp-block-image size-large\"><img fetchpriority=\"high\" decoding=\"async\" width=\"1024\" height=\"767\" data-id=\"1882\" src=\"https:\/\/toundemediea.olorundigitech.com\/wp-content\/uploads\/2026\/07\/4036a7c8-3e6c-49ec-afe0-9cdb29c1b6af-1024x767.jpeg\" alt=\"\" class=\"wp-image-1882\" srcset=\"https:\/\/toundemediea.olorundigitech.com\/wp-content\/uploads\/2026\/07\/4036a7c8-3e6c-49ec-afe0-9cdb29c1b6af-1024x767.jpeg 1024w, https:\/\/toundemediea.olorundigitech.com\/wp-content\/uploads\/2026\/07\/4036a7c8-3e6c-49ec-afe0-9cdb29c1b6af-300x225.jpeg 300w, https:\/\/toundemediea.olorundigitech.com\/wp-content\/uploads\/2026\/07\/4036a7c8-3e6c-49ec-afe0-9cdb29c1b6af-768x575.jpeg 768w, https:\/\/toundemediea.olorundigitech.com\/wp-content\/uploads\/2026\/07\/4036a7c8-3e6c-49ec-afe0-9cdb29c1b6af.jpeg 1080w\" sizes=\"(max-width: 1024px) 100vw, 1024px\" \/><\/figure>\n\n\n\n<figure class=\"wp-block-image size-large\"><img decoding=\"async\" width=\"1024\" height=\"768\" data-id=\"1883\" src=\"https:\/\/toundemediea.olorundigitech.com\/wp-content\/uploads\/2026\/07\/9aa1408a-d5b7-4867-9f98-cfa0e71afd19-1024x768.jpeg\" alt=\"\" class=\"wp-image-1883\" srcset=\"https:\/\/toundemediea.olorundigitech.com\/wp-content\/uploads\/2026\/07\/9aa1408a-d5b7-4867-9f98-cfa0e71afd19-1024x768.jpeg 1024w, https:\/\/toundemediea.olorundigitech.com\/wp-content\/uploads\/2026\/07\/9aa1408a-d5b7-4867-9f98-cfa0e71afd19-300x225.jpeg 300w, https:\/\/toundemediea.olorundigitech.com\/wp-content\/uploads\/2026\/07\/9aa1408a-d5b7-4867-9f98-cfa0e71afd19-768x576.jpeg 768w, https:\/\/toundemediea.olorundigitech.com\/wp-content\/uploads\/2026\/07\/9aa1408a-d5b7-4867-9f98-cfa0e71afd19.jpeg 1152w\" sizes=\"(max-width: 1024px) 100vw, 1024px\" \/><\/figure>\n\n\n\n<figure class=\"wp-block-image size-large\"><img decoding=\"async\" width=\"1024\" height=\"768\" data-id=\"1884\" src=\"https:\/\/toundemediea.olorundigitech.com\/wp-content\/uploads\/2026\/07\/bee6342b-75fc-4ad2-aa3e-bca3d16c937a-1024x768.jpeg\" alt=\"\" class=\"wp-image-1884\" srcset=\"https:\/\/toundemediea.olorundigitech.com\/wp-content\/uploads\/2026\/07\/bee6342b-75fc-4ad2-aa3e-bca3d16c937a-1024x768.jpeg 1024w, https:\/\/toundemediea.olorundigitech.com\/wp-content\/uploads\/2026\/07\/bee6342b-75fc-4ad2-aa3e-bca3d16c937a-300x225.jpeg 300w, https:\/\/toundemediea.olorundigitech.com\/wp-content\/uploads\/2026\/07\/bee6342b-75fc-4ad2-aa3e-bca3d16c937a-768x576.jpeg 768w, https:\/\/toundemediea.olorundigitech.com\/wp-content\/uploads\/2026\/07\/bee6342b-75fc-4ad2-aa3e-bca3d16c937a.jpeg 1152w\" sizes=\"(max-width: 1024px) 100vw, 1024px\" \/><\/figure>\n\n\n\n<figure class=\"wp-block-image size-large\"><img loading=\"lazy\" decoding=\"async\" width=\"1024\" height=\"767\" data-id=\"1881\" src=\"https:\/\/toundemediea.olorundigitech.com\/wp-content\/uploads\/2026\/07\/b9371e3e-808c-4e25-9c40-fcf986f1c11a-1024x767.jpeg\" alt=\"\" class=\"wp-image-1881\" srcset=\"https:\/\/toundemediea.olorundigitech.com\/wp-content\/uploads\/2026\/07\/b9371e3e-808c-4e25-9c40-fcf986f1c11a-1024x767.jpeg 1024w, https:\/\/toundemediea.olorundigitech.com\/wp-content\/uploads\/2026\/07\/b9371e3e-808c-4e25-9c40-fcf986f1c11a-300x225.jpeg 300w, https:\/\/toundemediea.olorundigitech.com\/wp-content\/uploads\/2026\/07\/b9371e3e-808c-4e25-9c40-fcf986f1c11a-768x575.jpeg 768w, https:\/\/toundemediea.olorundigitech.com\/wp-content\/uploads\/2026\/07\/b9371e3e-808c-4e25-9c40-fcf986f1c11a.jpeg 1080w\" sizes=\"(max-width: 1024px) 100vw, 1024px\" \/><\/figure>\n<\/figure>\n\n\n\n<p class=\"wp-block-paragraph\">Moment important de la vie administrative du minist\u00e8re, cette c\u00e9r\u00e9monie a consacr\u00e9 la transmission officielle des dossiers et des attributions entre les deux responsables. Elle s\u2019est d\u00e9roul\u00e9e en pr\u00e9sence des directeurs des diff\u00e9rentes structures, des cadres et agents du minist\u00e8re, des collaborateurs directs ainsi que des proches des deux personnalit\u00e9s.<\/p>\n\n\n\n<p class=\"wp-block-paragraph\">Prenant la parole \u00e0 cette occasion, le nouveau Secr\u00e9taire g\u00e9n\u00e9ral a plac\u00e9 sa mission sous le signe de la continuit\u00e9, de l\u2019humilit\u00e9 et du sens du devoir. \u00c9voquant l\u2019importance de la fonction administrative, \ud835\udde0. \ud835\uddde\ud835\uddfc\ud835\uddf1\ud835\uddf7\ud835\uddfc\ud835\ude03\ud835\uddf6 \ud835\uddd7\ud835\udddd\ud835\udde2\ud835\udde6\ud835\udde6\ud835\udde2\ud835\udde8 a d\u00e9clar\u00e9 : \u00ab Le Secr\u00e9tariat G\u00e9n\u00e9ral du Gouvernement est un baobab. Nous sommes appel\u00e9s \u00e0 continuer le travail de nos pr\u00e9d\u00e9cesseurs. Nous allons essayer de porter notre touche \u00e0 ce qui est fait, enrichir et conserver le beau travail abattu. \u00bb<\/p>\n\n\n\n<p class=\"wp-block-paragraph\">Poursuivant son intervention, il a exprim\u00e9 sa profonde reconnaissance aux autorit\u00e9s pour la confiance plac\u00e9e en lui. \u00ab Permettez-moi d\u2019exprimer ma profonde gratitude au Chef de l\u2019\u00c9tat, de remercier chaleureusement le Ministre d\u00e9l\u00e9gu\u00e9 en charge des Finances et de la Microfinance et de rendre, comme vous l\u2019avez fait tout \u00e0 l\u2019heure, un vibrant hommage au Premier Secr\u00e9taire G\u00e9n\u00e9ral Adjoint du Gouvernement \u00bb, a-t-il indiqu\u00e9.<\/p>\n\n\n\n<p class=\"wp-block-paragraph\">Avec beaucoup d\u2019humilit\u00e9, le nouveau responsable a affirm\u00e9 son engagement \u00e0 relever les d\u00e9fis li\u00e9s \u00e0 ses nouvelles fonctions : \u00ab C\u2019est avec beaucoup d\u2019humilit\u00e9, un profond sens du devoir que je prends la charge de Secr\u00e9taire G\u00e9n\u00e9ral du Minist\u00e8re d\u00e9l\u00e9gu\u00e9 des Finances et de la Microfinance. Comme les circonstances l\u2019exigent, nous allons nous inscrire dans une dynamique de continuit\u00e9, d\u2019enrichissement des acquis et de performance. \u00bb<\/p>\n\n\n\n<p class=\"wp-block-paragraph\">Cette prise de fonction intervient dans un esprit de continuit\u00e9 administrative, avec l\u2019ambition de consolider les efforts d\u00e9j\u00e0 engag\u00e9s au sein du minist\u00e8re et d\u2019accompagner efficacement la mise en \u0153uvre des politiques publiques dans les domaines des finances et de la microfinance.<\/p>\n\n\n\n<p class=\"wp-block-paragraph\">De son c\u00f4t\u00e9, \ud835\udde0. \ud835\uddd4\ud835\uddf9\ud835\uddef\ud835\uddee\ud835\uddfb \ud835\uddd5\ud835\uddf6\ud835\uddf2\ud835\uddfb\ud835\ude03\ud835\uddf2\ud835\uddfb\ud835\ude02 \ud835\uddd5\ud835\uddd8\ud835\udde6\ud835\udde6\ud835\uddd4\ud835\udde1, appel\u00e9 \u00e0 de nouvelles responsabilit\u00e9s au Secr\u00e9tariat G\u00e9n\u00e9ral du Gouvernement, laisse derri\u00e8re lui le t\u00e9moignage d\u2019un parcours marqu\u00e9 par son engagement au service de l\u2019administration publique.<\/p>\n\n\n\n<p class=\"wp-block-paragraph\">\u270d\ud83c\udffc#\ud835\uddff\ud835\uddee\ud835\uddf1\ud835\uddf7\ud835\uddf6\ud835\ude00\ud835\uddee\ud835\uddf6\ud835\uddf1<\/p>\n\n\n\n<p class=\"wp-block-paragraph\"><\/p>\n","protected":false},"excerpt":{"rendered":"<p>Le Minist\u00e8re d\u00e9l\u00e9gu\u00e9 charg\u00e9 des Finances et de la Microfinance a officiellement son nouveau Secr\u00e9taire g\u00e9n\u00e9ral. Ce jeudi 09 juillet 2026, une c\u00e9r\u00e9monie de passation de charges s\u2019est tenue entre \ud835\udde0. \ud835\uddd4\ud835\uddf9\ud835\uddef\ud835\uddee\ud835\uddfb \ud835\uddd5\ud835\uddf6\ud835\uddf2\ud835\uddfb\ud835\ude03\ud835\uddf2\ud835\uddfb\ud835\ude02 \ud835\uddd5\ud835\uddd8\ud835\udde6\ud835\udde6\ud835\uddd4\ud835\udde1, Secr\u00e9taire g\u00e9n\u00e9ral sortant, d\u00e9sormais \ud835\udde3\ud835\uddff\ud835\uddf2\ud835\uddfa\ud835\uddf6\ud835\uddf2\ud835\uddff \ud835\udde6\ud835\uddf2\ud835\uddf0\ud835\uddff\ud835\uddf2\u0301\ud835\ude01\ud835\uddee\ud835\uddf6\ud835\uddff\ud835\uddf2 \ud835\uddda\ud835\uddf2\u0301\ud835\uddfb\ud835\uddf2\u0301\ud835\uddff\ud835\uddee\ud835\uddf9 \ud835\uddd4\ud835\uddf1\ud835\uddf7\ud835\uddfc\ud835\uddf6\ud835\uddfb\ud835\ude01 \ud835\uddf1\ud835\ude02 \ud835\uddda\ud835\uddfc\ud835\ude02\ud835\ude03\ud835\uddf2\ud835\uddff\ud835\uddfb\ud835\uddf2\ud835\uddfa\ud835\uddf2\ud835\uddfb\ud835\ude01, et son successeur \ud835\udde0. \ud835\uddde\ud835\uddfc\ud835\uddf1\ud835\uddf7\ud835\uddfc\ud835\ude03\ud835\uddf6 \ud835\uddd7\ud835\udddd\ud835\udde2\ud835\udde6\ud835\udde6\ud835\udde2\ud835\udde8. Moment important de la vie administrative du minist\u00e8re, cette c\u00e9r\u00e9monie a consacr\u00e9 la transmission officielle des dossiers et des attributions entre les deux responsables. Elle s\u2019est d\u00e9roul\u00e9e en pr\u00e9sence des directeurs des diff\u00e9rentes structures, des cadres et agents du minist\u00e8re, des collaborateurs directs ainsi que des proches des deux personnalit\u00e9s. Prenant la parole \u00e0 cette occasion, le nouveau Secr\u00e9taire g\u00e9n\u00e9ral a plac\u00e9 sa mission sous le signe de la continuit\u00e9, de l\u2019humilit\u00e9 et du sens du devoir. \u00c9voquant l\u2019importance de la fonction administrative, \ud835\udde0. \ud835\uddde\ud835\uddfc\ud835\uddf1\ud835\uddf7\ud835\uddfc\ud835\ude03\ud835\uddf6 \ud835\uddd7\ud835\udddd\ud835\udde2\ud835\udde6\ud835\udde6\ud835\udde2\ud835\udde8 a d\u00e9clar\u00e9 : \u00ab Le Secr\u00e9tariat G\u00e9n\u00e9ral du Gouvernement est un baobab. Nous sommes appel\u00e9s \u00e0 continuer le travail de nos pr\u00e9d\u00e9cesseurs. Nous allons essayer de porter notre touche \u00e0 ce qui est fait, enrichir et conserver le beau travail abattu. \u00bb Poursuivant son intervention, il a exprim\u00e9 sa profonde reconnaissance aux autorit\u00e9s pour la confiance plac\u00e9e en lui. \u00ab Permettez-moi d\u2019exprimer ma profonde gratitude au Chef de l\u2019\u00c9tat, de remercier chaleureusement le Ministre d\u00e9l\u00e9gu\u00e9 en charge des Finances et de la Microfinance et de rendre, comme vous l\u2019avez fait tout \u00e0 l\u2019heure, un vibrant hommage au Premier Secr\u00e9taire G\u00e9n\u00e9ral Adjoint du Gouvernement \u00bb, a-t-il indiqu\u00e9. Avec beaucoup d\u2019humilit\u00e9, le nouveau responsable a affirm\u00e9 son engagement \u00e0 relever les d\u00e9fis li\u00e9s \u00e0 ses nouvelles fonctions : \u00ab C\u2019est avec beaucoup d\u2019humilit\u00e9, un profond sens du devoir que je prends la charge de Secr\u00e9taire G\u00e9n\u00e9ral du Minist\u00e8re d\u00e9l\u00e9gu\u00e9 des Finances et de la Microfinance. Comme les circonstances l\u2019exigent, nous allons nous inscrire dans une dynamique de continuit\u00e9, d\u2019enrichissement des acquis et de performance. \u00bb Cette prise de fonction intervient dans un esprit de continuit\u00e9 administrative, avec l\u2019ambition de consolider les efforts d\u00e9j\u00e0 engag\u00e9s au sein du minist\u00e8re et d\u2019accompagner efficacement la mise en \u0153uvre des politiques publiques dans les domaines des finances et de la microfinance. De son c\u00f4t\u00e9, \ud835\udde0. \ud835\uddd4\ud835\uddf9\ud835\uddef\ud835\uddee\ud835\uddfb \ud835\uddd5\ud835\uddf6\ud835\uddf2\ud835\uddfb\ud835\ude03\ud835\uddf2\ud835\uddfb\ud835\ude02 \ud835\uddd5\ud835\uddd8\ud835\udde6\ud835\udde6\ud835\uddd4\ud835\udde1, appel\u00e9 \u00e0 de nouvelles responsabilit\u00e9s au Secr\u00e9tariat G\u00e9n\u00e9ral du Gouvernement, laisse derri\u00e8re lui le t\u00e9moignage d\u2019un parcours marqu\u00e9 par son engagement au service de l\u2019administration publique. \u270d\ud83c\udffc#\ud835\uddff\ud835\uddee\ud835\uddf1\ud835\uddf7\ud835\uddf6\ud835\ude00\ud835\uddee\ud835\uddf6\ud835\uddf1<\/p>\n","protected":false},"author":1,"featured_media":1880,"comment_status":"open","ping_status":"open","sticky":false,"template":"","format":"standard","meta":{"footnotes":""},"categories":[25],"tags":[],"class_list":["post-1879","post","type-post","status-publish","format-standard","has-post-thumbnail","hentry","category-benin-info"],"rttpg_featured_image_url":{"full":["https:\/\/toundemediea.olorundigitech.com\/wp-content\/uploads\/2026\/07\/A87A9121-6BE1-4CAF-92E6-194D2BFA9AE0.jpeg",1152,864,false],"landscape":["https:\/\/toundemediea.olorundigitech.com\/wp-content\/uploads\/2026\/07\/A87A9121-6BE1-4CAF-92E6-194D2BFA9AE0.jpeg",1152,864,false],"portraits":["https:\/\/toundemediea.olorundigitech.com\/wp-content\/uploads\/2026\/07\/A87A9121-6BE1-4CAF-92E6-194D2BFA9AE0.jpeg",1152,864,false],"thumbnail":["https:\/\/toundemediea.olorundigitech.com\/wp-content\/uploads\/2026\/07\/A87A9121-6BE1-4CAF-92E6-194D2BFA9AE0-150x150.jpeg",150,150,true],"medium":["https:\/\/toundemediea.olorundigitech.com\/wp-content\/uploads\/2026\/07\/A87A9121-6BE1-4CAF-92E6-194D2BFA9AE0-300x225.jpeg",300,225,true],"large":["https:\/\/toundemediea.olorundigitech.com\/wp-content\/uploads\/2026\/07\/A87A9121-6BE1-4CAF-92E6-194D2BFA9AE0-1024x768.jpeg",960,720,true],"1536x1536":["https:\/\/toundemediea.olorundigitech.com\/wp-content\/uploads\/2026\/07\/A87A9121-6BE1-4CAF-92E6-194D2BFA9AE0.jpeg",1152,864,false],"2048x2048":["https:\/\/toundemediea.olorundigitech.com\/wp-content\/uploads\/2026\/07\/A87A9121-6BE1-4CAF-92E6-194D2BFA9AE0.jpeg",1152,864,false],"smart-post-landscape":["https:\/\/toundemediea.olorundigitech.com\/wp-content\/uploads\/2026\/07\/A87A9121-6BE1-4CAF-92E6-194D2BFA9AE0-870x570.jpeg",870,570,true],"smart-post-portrait":["https:\/\/toundemediea.olorundigitech.com\/wp-content\/uploads\/2026\/07\/A87A9121-6BE1-4CAF-92E6-194D2BFA9AE0-600x864.jpeg",600,864,true],"htmagazine_grid":["https:\/\/toundemediea.olorundigitech.com\/wp-content\/uploads\/2026\/07\/A87A9121-6BE1-4CAF-92E6-194D2BFA9AE0-640x218.jpeg",640,218,true]},"rttpg_author":{"display_name":"admin","author_link":"https:\/\/toundemediea.olorundigitech.com\/accueil\/author\/admin\/"},"rttpg_comment":0,"rttpg_category":"<a href=\"https:\/\/toundemediea.olorundigitech.com\/accueil\/category\/benin-info\/\" rel=\"category tag\">Benin info<\/a>","rttpg_excerpt":"Le Minist\u00e8re d\u00e9l\u00e9gu\u00e9 charg\u00e9 des Finances et de la Microfinance a officiellement son nouveau Secr\u00e9taire g\u00e9n\u00e9ral. Ce jeudi 09 juillet 2026, une c\u00e9r\u00e9monie de passation de charges s\u2019est tenue entre \ud835\udde0. \ud835\uddd4\ud835\uddf9\ud835\uddef\ud835\uddee\ud835\uddfb \ud835\uddd5\ud835\uddf6\ud835\uddf2\ud835\uddfb\ud835\ude03\ud835\uddf2\ud835\uddfb\ud835\ude02 \ud835\uddd5\ud835\uddd8\ud835\udde6\ud835\udde6\ud835\uddd4\ud835\udde1, Secr\u00e9taire g\u00e9n\u00e9ral sortant, d\u00e9sormais \ud835\udde3\ud835\uddff\ud835\uddf2\ud835\uddfa\ud835\uddf6\ud835\uddf2\ud835\uddff \ud835\udde6\ud835\uddf2\ud835\uddf0\ud835\uddff\ud835\uddf2\u0301\ud835\ude01\ud835\uddee\ud835\uddf6\ud835\uddff\ud835\uddf2 \ud835\uddda\ud835\uddf2\u0301\ud835\uddfb\ud835\uddf2\u0301\ud835\uddff\ud835\uddee\ud835\uddf9 \ud835\uddd4\ud835\uddf1\ud835\uddf7\ud835\uddfc\ud835\uddf6\ud835\uddfb\ud835\ude01 \ud835\uddf1\ud835\ude02 \ud835\uddda\ud835\uddfc\ud835\ude02\ud835\ude03\ud835\uddf2\ud835\uddff\ud835\uddfb\ud835\uddf2\ud835\uddfa\ud835\uddf2\ud835\uddfb\ud835\ude01, et son successeur \ud835\udde0. \ud835\uddde\ud835\uddfc\ud835\uddf1\ud835\uddf7\ud835\uddfc\ud835\ude03\ud835\uddf6 \ud835\uddd7\ud835\udddd\ud835\udde2\ud835\udde6\ud835\udde6\ud835\udde2\ud835\udde8. Moment important de la vie\u2026","_links":{"self":[{"href":"https:\/\/toundemediea.olorundigitech.com\/accueil\/wp-json\/wp\/v2\/posts\/1879","targetHints":{"allow":["GET"]}}],"collection":[{"href":"https:\/\/toundemediea.olorundigitech.com\/accueil\/wp-json\/wp\/v2\/posts"}],"about":[{"href":"https:\/\/toundemediea.olorundigitech.com\/accueil\/wp-json\/wp\/v2\/types\/post"}],"author":[{"embeddable":true,"href":"https:\/\/toundemediea.olorundigitech.com\/accueil\/wp-json\/wp\/v2\/users\/1"}],"replies":[{"embeddable":true,"href":"https:\/\/toundemediea.olorundigitech.com\/accueil\/wp-json\/wp\/v2\/comments?post=1879"}],"version-history":[{"count":1,"href":"https:\/\/toundemediea.olorundigitech.com\/accueil\/wp-json\/wp\/v2\/posts\/1879\/revisions"}],"predecessor-version":[{"id":1885,"href":"https:\/\/toundemediea.olorundigitech.com\/accueil\/wp-json\/wp\/v2\/posts\/1879\/revisions\/1885"}],"wp:featuredmedia":[{"embeddable":true,"href":"https:\/\/toundemediea.olorundigitech.com\/accueil\/wp-json\/wp\/v2\/media\/1880"}],"wp:attachment":[{"href":"https:\/\/toundemediea.olorundigitech.com\/accueil\/wp-json\/wp\/v2\/media?parent=1879"}],"wp:term":[{"taxonomy":"category","embeddable":true,"href":"https:\/\/toundemediea.olorundigitech.com\/accueil\/wp-json\/wp\/v2\/categories?post=1879"},{"taxonomy":"post_tag","embeddable":true,"href":"https:\/\/toundemediea.olorundigitech.com\/accueil\/wp-json\/wp\/v2\/tags?post=1879"}],"curies":[{"name":"wp","href":"https:\/\/api.w.org\/{rel}","templated":true}]}}