{"id":1876,"date":"2026-07-11T09:15:04","date_gmt":"2026-07-11T07:15:04","guid":{"rendered":"https:\/\/toundemediea.olorundigitech.com\/accueil\/?p=1876"},"modified":"2026-07-11T09:15:05","modified_gmt":"2026-07-11T07:15:05","slug":"%f0%9d%97%a2%f0%9d%98%82%f0%9d%97%b2%f0%9d%97%b1%f0%9d%97%b2%f0%9d%97%ba%f0%9d%97%b2-%f0%9d%97%94%f0%9d%97%b1%f0%9d%97%b7%f0%9d%97%ae-%f0%9d%97%b9%f0%9d%97%b2-%f0%9d%97%96","status":"publish","type":"post","link":"https:\/\/toundemediea.olorundigitech.com\/accueil\/%f0%9d%97%a2%f0%9d%98%82%f0%9d%97%b2%f0%9d%97%b1%f0%9d%97%b2%f0%9d%97%ba%f0%9d%97%b2-%f0%9d%97%94%f0%9d%97%b1%f0%9d%97%b7%f0%9d%97%ae-%f0%9d%97%b9%f0%9d%97%b2-%f0%9d%97%96\/","title":{"rendered":"\ud835\udde2\ud835\ude02\ud835\uddf2\u0300\ud835\uddf1\ud835\uddf2\u0300\ud835\uddfa\ud835\uddf2\u0300-\ud835\uddd4\ud835\uddf1\ud835\uddf7\ud835\uddee : \ud835\uddf9\ud835\uddf2 \ud835\uddd6\ud835\uddfc\ud835\uddfb\ud835\ude00\ud835\uddf2\ud835\uddf6\ud835\uddf9 \ud835\uddf1&rsquo;\ud835\uddd4\ud835\uddff\ud835\uddff\ud835\uddfc\ud835\uddfb\ud835\uddf1\ud835\uddf6\ud835\ude00\ud835\ude00\ud835\uddf2\ud835\uddfa\ud835\uddf2\ud835\uddfb\ud835\ude01 \ud835\ude01\ud835\uddf6\ud835\uddf2\ud835\uddfb\ud835\ude01 \ud835\ude00\ud835\uddee \ud835\uddf0\ud835\uddf6\ud835\uddfb\ud835\uddfe\ud835\ude02\ud835\uddf6\ud835\uddf2\u0300\ud835\uddfa\ud835\uddf2 \ud835\ude00\ud835\uddf2\ud835\ude00\ud835\ude00\ud835\uddf6\ud835\uddfc\ud835\uddfb \ud835\uddfc\ud835\uddff\ud835\uddf1\ud835\uddf6\ud835\uddfb\ud835\uddee\ud835\uddf6\ud835\uddff\ud835\uddf2 \ud835\uddf1\ud835\uddf2 \ud835\uddf9&rsquo;\ud835\uddee\ud835\uddfb\ud835\uddfb\ud835\uddf2\u0301\ud835\uddf2 2026"},"content":{"rendered":"\n<p class=\"wp-block-paragraph\">Le Conseil d\u2019Arrondissement de Ou\u00e8d\u00e8m\u00e8-Adja a tenu, ce vendredi 29 mai 2026, sa cinqui\u00e8me session ordinaire de l\u2019ann\u00e9e dans la salle de r\u00e9union du bureau d\u2019arrondissement. Les travaux ont \u00e9t\u00e9 pr\u00e9sid\u00e9s par le Chef d\u2019Arrondissement, \ud835\uddd6\ud835\uddf9\ud835\uddf2\u0301\ud835\uddfa\ud835\uddf2\ud835\uddfb\ud835\ude01 \ud835\uddd6\ud835\uddfc\ud835\uddf3\ud835\uddf3\ud835\uddf6 \ud835\udde2\ud835\udde8\ud835\udde6\ud835\udde6\ud835\udde2\ud835\udde8, en pr\u00e9sence des conseillers et des personnes ressources convi\u00e9es \u00e0 cette rencontre statutaire.<\/p>\n\n\n\n<p class=\"wp-block-paragraph\">\u00c0 l\u2019ouverture de la s\u00e9ance, les participants ont proc\u00e9d\u00e9 \u00e0 la lecture et \u00e0 l\u2019adoption du compte rendu de la pr\u00e9c\u00e9dente session ordinaire apr\u00e8s examen des observations formul\u00e9es par les conseillers.<\/p>\n\n\n\n<p class=\"wp-block-paragraph\">Les \u00e9changes ont ensuite port\u00e9 sur le bilan des activit\u00e9s men\u00e9es au cours du mois de mai 2026. Le Chef d\u2019Arrondissement a pr\u00e9sent\u00e9 les diff\u00e9rentes actions entreprises au profit des populations, permettant aux conseillers d\u2019appr\u00e9cier les avanc\u00e9es enregistr\u00e9es et d\u2019identifier les d\u00e9fis \u00e0 relever.<\/p>\n\n\n\n<p class=\"wp-block-paragraph\">Un accent particulier a \u00e9t\u00e9 mis sur l\u2019op\u00e9ration de recensement des acteurs \u00e9conomiques de l\u2019arrondissement. Il s\u2019agit notamment des p\u00eacheurs et propri\u00e9taires de pirogues, des \u00e9leveurs de gros b\u00e9tail, des producteurs d\u2019huile de palme, des commer\u00e7ants de bananes ainsi que des distillateurs de sodabi. Cette initiative vise \u00e0 mieux structurer les activit\u00e9s \u00e9conomiques locales et \u00e0 disposer de donn\u00e9es fiables pour la planification du d\u00e9veloppement.<br>La question de la mobilisation des ressources propres de l\u2019arrondissement a \u00e9galement retenu l\u2019attention des conseillers. Plusieurs pistes ont \u00e9t\u00e9 explor\u00e9es en vue d\u2019am\u00e9liorer les recettes locales et de renforcer la capacit\u00e9 de financement des actions de d\u00e9veloppement \u00e0 la base.<\/p>\n\n\n\n<p class=\"wp-block-paragraph\">\u00c0 l\u2019issue de cette session, les autorit\u00e9s locales ont imm\u00e9diatement mis le cap sur l\u2019\u00c9cole Primaire Publique (EPP) de Ou\u00e8d\u00e8m\u00e8-Adja, retenue comme centre d\u2019examen pour les \u00e9valuations nationales. C\u2019est dans cet \u00e9tablissement que doit se d\u00e9rouler le lancement officiel des examens, une \u00e9tape importante qui traduit l\u2019attention accord\u00e9e par les autorit\u00e9s communales et administratives au bon d\u00e9roulement des compositions.<\/p>\n\n\n\n<p class=\"wp-block-paragraph\">Au terme de la journ\u00e9e, le Chef d\u2019Arrondissement a salu\u00e9 la qualit\u00e9 des \u00e9changes et l\u2019engagement des conseillers en faveur du d\u00e9veloppement local. Il a \u00e9galement exprim\u00e9 ses encouragements aux candidats et aux acteurs du syst\u00e8me \u00e9ducatif mobilis\u00e9s pour la r\u00e9ussite de cette \u00e9ch\u00e9ance scolaire.<\/p>\n\n\n\n<p class=\"wp-block-paragraph\">Cette session ordinaire confirme la volont\u00e9 des autorit\u00e9s de Ou\u00e8d\u00e8m\u00e8-Adja de conjuguer gouvernance de proximit\u00e9 et accompagnement des initiatives \u00e9ducatives au service du d\u00e9veloppement de la communaut\u00e9.<\/p>\n\n\n\n<p class=\"wp-block-paragraph\">\u270d\ufe0f#\ud835\uddff\ud835\uddee\ud835\uddf1\ud835\uddf7\ud835\uddf6\ud835\ude00\ud835\uddee\ud835\uddf6\ud835\uddf1<\/p>\n","protected":false},"excerpt":{"rendered":"<p>Le Conseil d\u2019Arrondissement de Ou\u00e8d\u00e8m\u00e8-Adja a tenu, ce vendredi 29 mai 2026, sa cinqui\u00e8me session ordinaire de l\u2019ann\u00e9e dans la salle de r\u00e9union du bureau d\u2019arrondissement. Les travaux ont \u00e9t\u00e9 pr\u00e9sid\u00e9s par le Chef d\u2019Arrondissement, \ud835\uddd6\ud835\uddf9\ud835\uddf2\u0301\ud835\uddfa\ud835\uddf2\ud835\uddfb\ud835\ude01 \ud835\uddd6\ud835\uddfc\ud835\uddf3\ud835\uddf3\ud835\uddf6 \ud835\udde2\ud835\udde8\ud835\udde6\ud835\udde6\ud835\udde2\ud835\udde8, en pr\u00e9sence des conseillers et des personnes ressources convi\u00e9es \u00e0 cette rencontre statutaire. \u00c0 l\u2019ouverture de la s\u00e9ance, les participants ont proc\u00e9d\u00e9 \u00e0 la lecture et \u00e0 l\u2019adoption du compte rendu de la pr\u00e9c\u00e9dente session ordinaire apr\u00e8s examen des observations formul\u00e9es par les conseillers. Les \u00e9changes ont ensuite port\u00e9 sur le bilan des activit\u00e9s men\u00e9es au cours du mois de mai 2026. Le Chef d\u2019Arrondissement a pr\u00e9sent\u00e9 les diff\u00e9rentes actions entreprises au profit des populations, permettant aux conseillers d\u2019appr\u00e9cier les avanc\u00e9es enregistr\u00e9es et d\u2019identifier les d\u00e9fis \u00e0 relever. Un accent particulier a \u00e9t\u00e9 mis sur l\u2019op\u00e9ration de recensement des acteurs \u00e9conomiques de l\u2019arrondissement. Il s\u2019agit notamment des p\u00eacheurs et propri\u00e9taires de pirogues, des \u00e9leveurs de gros b\u00e9tail, des producteurs d\u2019huile de palme, des commer\u00e7ants de bananes ainsi que des distillateurs de sodabi. Cette initiative vise \u00e0 mieux structurer les activit\u00e9s \u00e9conomiques locales et \u00e0 disposer de donn\u00e9es fiables pour la planification du d\u00e9veloppement.La question de la mobilisation des ressources propres de l\u2019arrondissement a \u00e9galement retenu l\u2019attention des conseillers. Plusieurs pistes ont \u00e9t\u00e9 explor\u00e9es en vue d\u2019am\u00e9liorer les recettes locales et de renforcer la capacit\u00e9 de financement des actions de d\u00e9veloppement \u00e0 la base. \u00c0 l\u2019issue de cette session, les autorit\u00e9s locales ont imm\u00e9diatement mis le cap sur l\u2019\u00c9cole Primaire Publique (EPP) de Ou\u00e8d\u00e8m\u00e8-Adja, retenue comme centre d\u2019examen pour les \u00e9valuations nationales. C\u2019est dans cet \u00e9tablissement que doit se d\u00e9rouler le lancement officiel des examens, une \u00e9tape importante qui traduit l\u2019attention accord\u00e9e par les autorit\u00e9s communales et administratives au bon d\u00e9roulement des compositions. Au terme de la journ\u00e9e, le Chef d\u2019Arrondissement a salu\u00e9 la qualit\u00e9 des \u00e9changes et l\u2019engagement des conseillers en faveur du d\u00e9veloppement local. Il a \u00e9galement exprim\u00e9 ses encouragements aux candidats et aux acteurs du syst\u00e8me \u00e9ducatif mobilis\u00e9s pour la r\u00e9ussite de cette \u00e9ch\u00e9ance scolaire. Cette session ordinaire confirme la volont\u00e9 des autorit\u00e9s de Ou\u00e8d\u00e8m\u00e8-Adja de conjuguer gouvernance de proximit\u00e9 et accompagnement des initiatives \u00e9ducatives au service du d\u00e9veloppement de la communaut\u00e9. \u270d\ufe0f#\ud835\uddff\ud835\uddee\ud835\uddf1\ud835\uddf7\ud835\uddf6\ud835\ude00\ud835\uddee\ud835\uddf6\ud835\uddf1<\/p>\n","protected":false},"author":1,"featured_media":1877,"comment_status":"open","ping_status":"open","sticky":false,"template":"","format":"standard","meta":{"footnotes":""},"categories":[25],"tags":[],"class_list":["post-1876","post","type-post","status-publish","format-standard","has-post-thumbnail","hentry","category-benin-info"],"rttpg_featured_image_url":{"full":["https:\/\/toundemediea.olorundigitech.com\/wp-content\/uploads\/2026\/07\/photo-output-1.jpeg",2048,1152,false],"landscape":["https:\/\/toundemediea.olorundigitech.com\/wp-content\/uploads\/2026\/07\/photo-output-1.jpeg",2048,1152,false],"portraits":["https:\/\/toundemediea.olorundigitech.com\/wp-content\/uploads\/2026\/07\/photo-output-1.jpeg",2048,1152,false],"thumbnail":["https:\/\/toundemediea.olorundigitech.com\/wp-content\/uploads\/2026\/07\/photo-output-1-150x150.jpeg",150,150,true],"medium":["https:\/\/toundemediea.olorundigitech.com\/wp-content\/uploads\/2026\/07\/photo-output-1-300x169.jpeg",300,169,true],"large":["https:\/\/toundemediea.olorundigitech.com\/wp-content\/uploads\/2026\/07\/photo-output-1-1024x576.jpeg",960,540,true],"1536x1536":["https:\/\/toundemediea.olorundigitech.com\/wp-content\/uploads\/2026\/07\/photo-output-1-1536x864.jpeg",1536,864,true],"2048x2048":["https:\/\/toundemediea.olorundigitech.com\/wp-content\/uploads\/2026\/07\/photo-output-1.jpeg",2048,1152,false],"smart-post-landscape":["https:\/\/toundemediea.olorundigitech.com\/wp-content\/uploads\/2026\/07\/photo-output-1-870x570.jpeg",870,570,true],"smart-post-portrait":["https:\/\/toundemediea.olorundigitech.com\/wp-content\/uploads\/2026\/07\/photo-output-1-600x900.jpeg",600,900,true],"htmagazine_grid":["https:\/\/toundemediea.olorundigitech.com\/wp-content\/uploads\/2026\/07\/photo-output-1-640x218.jpeg",640,218,true]},"rttpg_author":{"display_name":"admin","author_link":"https:\/\/toundemediea.olorundigitech.com\/accueil\/author\/admin\/"},"rttpg_comment":0,"rttpg_category":"<a href=\"https:\/\/toundemediea.olorundigitech.com\/accueil\/category\/benin-info\/\" rel=\"category tag\">Benin info<\/a>","rttpg_excerpt":"Le Conseil d\u2019Arrondissement de Ou\u00e8d\u00e8m\u00e8-Adja a tenu, ce vendredi 29 mai 2026, sa cinqui\u00e8me session ordinaire de l\u2019ann\u00e9e dans la salle de r\u00e9union du bureau d\u2019arrondissement. Les travaux ont \u00e9t\u00e9 pr\u00e9sid\u00e9s par le Chef d\u2019Arrondissement, \ud835\uddd6\ud835\uddf9\ud835\uddf2\u0301\ud835\uddfa\ud835\uddf2\ud835\uddfb\ud835\ude01 \ud835\uddd6\ud835\uddfc\ud835\uddf3\ud835\uddf3\ud835\uddf6 \ud835\udde2\ud835\udde8\ud835\udde6\ud835\udde6\ud835\udde2\ud835\udde8, en pr\u00e9sence des conseillers et des personnes ressources convi\u00e9es \u00e0 cette rencontre statutaire. \u00c0 l\u2019ouverture de la\u2026","_links":{"self":[{"href":"https:\/\/toundemediea.olorundigitech.com\/accueil\/wp-json\/wp\/v2\/posts\/1876","targetHints":{"allow":["GET"]}}],"collection":[{"href":"https:\/\/toundemediea.olorundigitech.com\/accueil\/wp-json\/wp\/v2\/posts"}],"about":[{"href":"https:\/\/toundemediea.olorundigitech.com\/accueil\/wp-json\/wp\/v2\/types\/post"}],"author":[{"embeddable":true,"href":"https:\/\/toundemediea.olorundigitech.com\/accueil\/wp-json\/wp\/v2\/users\/1"}],"replies":[{"embeddable":true,"href":"https:\/\/toundemediea.olorundigitech.com\/accueil\/wp-json\/wp\/v2\/comments?post=1876"}],"version-history":[{"count":1,"href":"https:\/\/toundemediea.olorundigitech.com\/accueil\/wp-json\/wp\/v2\/posts\/1876\/revisions"}],"predecessor-version":[{"id":1878,"href":"https:\/\/toundemediea.olorundigitech.com\/accueil\/wp-json\/wp\/v2\/posts\/1876\/revisions\/1878"}],"wp:featuredmedia":[{"embeddable":true,"href":"https:\/\/toundemediea.olorundigitech.com\/accueil\/wp-json\/wp\/v2\/media\/1877"}],"wp:attachment":[{"href":"https:\/\/toundemediea.olorundigitech.com\/accueil\/wp-json\/wp\/v2\/media?parent=1876"}],"wp:term":[{"taxonomy":"category","embeddable":true,"href":"https:\/\/toundemediea.olorundigitech.com\/accueil\/wp-json\/wp\/v2\/categories?post=1876"},{"taxonomy":"post_tag","embeddable":true,"href":"https:\/\/toundemediea.olorundigitech.com\/accueil\/wp-json\/wp\/v2\/tags?post=1876"}],"curies":[{"name":"wp","href":"https:\/\/api.w.org\/{rel}","templated":true}]}}