{"id":1868,"date":"2026-07-11T09:02:54","date_gmt":"2026-07-11T07:02:54","guid":{"rendered":"https:\/\/toundemediea.olorundigitech.com\/accueil\/?p=1868"},"modified":"2026-07-11T09:02:56","modified_gmt":"2026-07-11T07:02:56","slug":"electrification-a-lokossa-le-maire-john-hounza-donne-le-ton-dune-nouvelle-phase-dextension-du-reseau-electrique","status":"publish","type":"post","link":"https:\/\/toundemediea.olorundigitech.com\/accueil\/electrification-a-lokossa-le-maire-john-hounza-donne-le-ton-dune-nouvelle-phase-dextension-du-reseau-electrique\/","title":{"rendered":"\u00c9LECTRIFICATION \u00c0 LOKOSSA : LE MAIRE JOHN HOUNZA DONNE LE TON D&rsquo;UNE NOUVELLE PHASE D&rsquo;EXTENSION DU R\u00c9SEAU \u00c9LECTRIQUE"},"content":{"rendered":"\n<p class=\"wp-block-paragraph\">La commune de Lokossa poursuit ses efforts en faveur de l&rsquo;am\u00e9lioration de l&rsquo;acc\u00e8s \u00e0 l&rsquo;\u00e9nergie \u00e9lectrique. Dans cette dynamique, \ud835\uddf9\ud835\uddf2 \ud835\udde0\ud835\uddee\ud835\uddf6\ud835\uddff\ud835\uddf2 \ud835\udddd\ud835\uddfc\ud835\uddf5\ud835\uddfb \ud835\udddb\ud835\udde2\ud835\udde8\ud835\udde1\ud835\udded\ud835\uddd4 a re\u00e7u en audience, ce vendredi 12 juin 2026, une d\u00e9l\u00e9gation du Projet d&rsquo;Augmentation de l&rsquo;Acc\u00e8s \u00e0 l&rsquo;\u00c9lectricit\u00e9 (\ud835\udde32\ud835\uddd4\ud835\uddd8), venue \u00e9changer avec les autorit\u00e9s communales sur le d\u00e9marrage des travaux de densification et d&rsquo;extension du r\u00e9seau \u00e9lectrique dans plusieurs localit\u00e9s de la commune.<\/p>\n\n\n\n<p class=\"wp-block-paragraph\">Les travaux pr\u00e9vus concernent notamment le village de \ud835\udde7\ud835\uddfc\ud835\ude07\ud835\uddfc\ud835\ude02\ud835\uddfb\ud835\uddfa\ud835\uddf2\u0300 dans l&rsquo;arrondissement de \ud835\uddde\ud835\uddfc\ud835\ude02\ud835\uddf1\ud835\uddfc, le village de \ud835\udddb\ud835\uddfc\ud835\ude02\ud835\uddf2\u0301\ud835\uddf1\ud835\uddee\ud835\uddf5\ud835\uddfc dans l&rsquo;arrondissement de \ud835\udddb\ud835\uddfc\ud835\ude02\ud835\uddf6\ud835\uddfb, ainsi que le quartier Tchicom\u00e8 dans l&rsquo;arrondissement de \ud835\udddf\ud835\uddfc\ud835\uddf8\ud835\uddfc\ud835\ude00\ud835\ude00\ud835\uddee. \u00c0 travers ces interventions, le projet ambitionne de renforcer la couverture \u00e9lectrique et d&rsquo;am\u00e9liorer durablement les conditions de vie des populations b\u00e9n\u00e9ficiaires.<\/p>\n\n\n\n<figure class=\"wp-block-gallery has-nested-images columns-default is-cropped wp-block-gallery-1 is-layout-flex wp-block-gallery-is-layout-flex\">\n<figure class=\"wp-block-image size-large\"><img fetchpriority=\"high\" decoding=\"async\" width=\"1024\" height=\"683\" data-id=\"1871\" src=\"https:\/\/toundemediea.olorundigitech.com\/wp-content\/uploads\/2026\/07\/IMG_8975-1024x683.jpeg\" alt=\"\" class=\"wp-image-1871\" srcset=\"https:\/\/toundemediea.olorundigitech.com\/wp-content\/uploads\/2026\/07\/IMG_8975-1024x683.jpeg 1024w, https:\/\/toundemediea.olorundigitech.com\/wp-content\/uploads\/2026\/07\/IMG_8975-300x200.jpeg 300w, https:\/\/toundemediea.olorundigitech.com\/wp-content\/uploads\/2026\/07\/IMG_8975-768x512.jpeg 768w, https:\/\/toundemediea.olorundigitech.com\/wp-content\/uploads\/2026\/07\/IMG_8975-1536x1024.jpeg 1536w, https:\/\/toundemediea.olorundigitech.com\/wp-content\/uploads\/2026\/07\/IMG_8975.jpeg 2048w\" sizes=\"(max-width: 1024px) 100vw, 1024px\" \/><\/figure>\n\n\n\n<figure class=\"wp-block-image size-large\"><img decoding=\"async\" width=\"683\" height=\"1024\" data-id=\"1870\" src=\"https:\/\/toundemediea.olorundigitech.com\/wp-content\/uploads\/2026\/07\/IMG_8976-683x1024.jpeg\" alt=\"\" class=\"wp-image-1870\" srcset=\"https:\/\/toundemediea.olorundigitech.com\/wp-content\/uploads\/2026\/07\/IMG_8976-683x1024.jpeg 683w, https:\/\/toundemediea.olorundigitech.com\/wp-content\/uploads\/2026\/07\/IMG_8976-200x300.jpeg 200w, https:\/\/toundemediea.olorundigitech.com\/wp-content\/uploads\/2026\/07\/IMG_8976-768x1152.jpeg 768w, https:\/\/toundemediea.olorundigitech.com\/wp-content\/uploads\/2026\/07\/IMG_8976-1024x1536.jpeg 1024w, https:\/\/toundemediea.olorundigitech.com\/wp-content\/uploads\/2026\/07\/IMG_8976-600x900.jpeg 600w, https:\/\/toundemediea.olorundigitech.com\/wp-content\/uploads\/2026\/07\/IMG_8976.jpeg 1365w\" sizes=\"(max-width: 683px) 100vw, 683px\" \/><\/figure>\n<\/figure>\n\n\n\n<p class=\"wp-block-paragraph\">Au cours de la s\u00e9ance de travail, les responsables du \ud835\udde32\ud835\uddd4\ud835\uddd8 ont pr\u00e9sent\u00e9 les diff\u00e9rentes composantes du projet ainsi que le chronogramme d&rsquo;ex\u00e9cution des travaux. Les \u00e9changes ont \u00e9galement permis d&rsquo;aborder les dispositions pratiques devant garantir une mise en \u0153uvre efficace des activit\u00e9s sur le terrain.<\/p>\n\n\n\n<p class=\"wp-block-paragraph\">\u00c0 l&rsquo;issue de la rencontre, \ud835\uddf9\ud835\uddf2 \ud835\udde0\ud835\uddee\ud835\uddf6\ud835\uddff\ud835\uddf2 \ud835\udddd\ud835\uddfc\ud835\uddf5\ud835\uddfb \ud835\udddb\ud835\udde2\ud835\udde8\ud835\udde1\ud835\udded\ud835\uddd4, accompagn\u00e9 du Premier Adjoint au Maire, des Chefs d&rsquo;Arrondissement de \ud835\udddf\ud835\uddfc\ud835\uddf8\ud835\uddfc\ud835\ude00\ud835\ude00\ud835\uddee, de \ud835\uddde\ud835\uddfc\ud835\ude02\ud835\uddf1\ud835\uddfc et de \ud835\udddb\ud835\uddfc\ud835\ude02\ud835\uddf6\ud835\uddfb, ainsi que de plusieurs cadres de l&rsquo;administration communale, a effectu\u00e9 une descente sur les sites concern\u00e9s avec la d\u00e9l\u00e9gation du \ud835\udde32\ud835\uddd4\ud835\uddd8.<\/p>\n\n\n\n<p class=\"wp-block-paragraph\">Cette visite de terrain a \u00e9t\u00e9 marqu\u00e9e par la remise officielle des sites \u00e0 l&rsquo;entreprise charg\u00e9e de l&rsquo;ex\u00e9cution des travaux, consacrant ainsi le d\u00e9marrage effectif du projet dans les localit\u00e9s b\u00e9n\u00e9ficiaires.<\/p>\n\n\n\n<p class=\"wp-block-paragraph\">Pour les autorit\u00e9s communales, cette initiative constitue une avanc\u00e9e significative dans la politique d&rsquo;am\u00e9lioration de l&rsquo;acc\u00e8s aux services sociaux de base. Une fois achev\u00e9s, les travaux permettront \u00e0 de nombreux m\u00e9nages, infrastructures communautaires et acteurs \u00e9conomiques de b\u00e9n\u00e9ficier d&rsquo;une meilleure desserte en \u00e9nergie \u00e9lectrique.<\/p>\n\n\n\n<p class=\"wp-block-paragraph\">Les diff\u00e9rentes parties prenantes ont r\u00e9affirm\u00e9 leur engagement \u00e0 travailler en \u00e9troite collaboration afin d&rsquo;assurer la r\u00e9ussite du projet et de garantir aux populations concern\u00e9es les retomb\u00e9es attendues de cette importante op\u00e9ration d&rsquo;\u00e9lectrification.<\/p>\n\n\n\n<p class=\"wp-block-paragraph\">\u270d\ufe0f\ud835\uddff\ud835\uddee\ud835\uddf1\ud835\uddf7\ud835\uddf6\ud835\ude00\ud835\uddee\ud835\uddf6\ud835\uddf1<\/p>\n\n\n\n<p class=\"wp-block-paragraph\"><\/p>\n","protected":false},"excerpt":{"rendered":"<p>La commune de Lokossa poursuit ses efforts en faveur de l&rsquo;am\u00e9lioration de l&rsquo;acc\u00e8s \u00e0 l&rsquo;\u00e9nergie \u00e9lectrique. Dans cette dynamique, \ud835\uddf9\ud835\uddf2 \ud835\udde0\ud835\uddee\ud835\uddf6\ud835\uddff\ud835\uddf2 \ud835\udddd\ud835\uddfc\ud835\uddf5\ud835\uddfb \ud835\udddb\ud835\udde2\ud835\udde8\ud835\udde1\ud835\udded\ud835\uddd4 a re\u00e7u en audience, ce vendredi 12 juin 2026, une d\u00e9l\u00e9gation du Projet d&rsquo;Augmentation de l&rsquo;Acc\u00e8s \u00e0 l&rsquo;\u00c9lectricit\u00e9 (\ud835\udde32\ud835\uddd4\ud835\uddd8), venue \u00e9changer avec les autorit\u00e9s communales sur le d\u00e9marrage des travaux de densification et d&rsquo;extension du r\u00e9seau \u00e9lectrique dans plusieurs localit\u00e9s de la commune. Les travaux pr\u00e9vus concernent notamment le village de \ud835\udde7\ud835\uddfc\ud835\ude07\ud835\uddfc\ud835\ude02\ud835\uddfb\ud835\uddfa\ud835\uddf2\u0300 dans l&rsquo;arrondissement de \ud835\uddde\ud835\uddfc\ud835\ude02\ud835\uddf1\ud835\uddfc, le village de \ud835\udddb\ud835\uddfc\ud835\ude02\ud835\uddf2\u0301\ud835\uddf1\ud835\uddee\ud835\uddf5\ud835\uddfc dans l&rsquo;arrondissement de \ud835\udddb\ud835\uddfc\ud835\ude02\ud835\uddf6\ud835\uddfb, ainsi que le quartier Tchicom\u00e8 dans l&rsquo;arrondissement de \ud835\udddf\ud835\uddfc\ud835\uddf8\ud835\uddfc\ud835\ude00\ud835\ude00\ud835\uddee. \u00c0 travers ces interventions, le projet ambitionne de renforcer la couverture \u00e9lectrique et d&rsquo;am\u00e9liorer durablement les conditions de vie des populations b\u00e9n\u00e9ficiaires. Au cours de la s\u00e9ance de travail, les responsables du \ud835\udde32\ud835\uddd4\ud835\uddd8 ont pr\u00e9sent\u00e9 les diff\u00e9rentes composantes du projet ainsi que le chronogramme d&rsquo;ex\u00e9cution des travaux. Les \u00e9changes ont \u00e9galement permis d&rsquo;aborder les dispositions pratiques devant garantir une mise en \u0153uvre efficace des activit\u00e9s sur le terrain. \u00c0 l&rsquo;issue de la rencontre, \ud835\uddf9\ud835\uddf2 \ud835\udde0\ud835\uddee\ud835\uddf6\ud835\uddff\ud835\uddf2 \ud835\udddd\ud835\uddfc\ud835\uddf5\ud835\uddfb \ud835\udddb\ud835\udde2\ud835\udde8\ud835\udde1\ud835\udded\ud835\uddd4, accompagn\u00e9 du Premier Adjoint au Maire, des Chefs d&rsquo;Arrondissement de \ud835\udddf\ud835\uddfc\ud835\uddf8\ud835\uddfc\ud835\ude00\ud835\ude00\ud835\uddee, de \ud835\uddde\ud835\uddfc\ud835\ude02\ud835\uddf1\ud835\uddfc et de \ud835\udddb\ud835\uddfc\ud835\ude02\ud835\uddf6\ud835\uddfb, ainsi que de plusieurs cadres de l&rsquo;administration communale, a effectu\u00e9 une descente sur les sites concern\u00e9s avec la d\u00e9l\u00e9gation du \ud835\udde32\ud835\uddd4\ud835\uddd8. Cette visite de terrain a \u00e9t\u00e9 marqu\u00e9e par la remise officielle des sites \u00e0 l&rsquo;entreprise charg\u00e9e de l&rsquo;ex\u00e9cution des travaux, consacrant ainsi le d\u00e9marrage effectif du projet dans les localit\u00e9s b\u00e9n\u00e9ficiaires. Pour les autorit\u00e9s communales, cette initiative constitue une avanc\u00e9e significative dans la politique d&rsquo;am\u00e9lioration de l&rsquo;acc\u00e8s aux services sociaux de base. Une fois achev\u00e9s, les travaux permettront \u00e0 de nombreux m\u00e9nages, infrastructures communautaires et acteurs \u00e9conomiques de b\u00e9n\u00e9ficier d&rsquo;une meilleure desserte en \u00e9nergie \u00e9lectrique. Les diff\u00e9rentes parties prenantes ont r\u00e9affirm\u00e9 leur engagement \u00e0 travailler en \u00e9troite collaboration afin d&rsquo;assurer la r\u00e9ussite du projet et de garantir aux populations concern\u00e9es les retomb\u00e9es attendues de cette importante op\u00e9ration d&rsquo;\u00e9lectrification. \u270d\ufe0f\ud835\uddff\ud835\uddee\ud835\uddf1\ud835\uddf7\ud835\uddf6\ud835\ude00\ud835\uddee\ud835\uddf6\ud835\uddf1<\/p>\n","protected":false},"author":1,"featured_media":1869,"comment_status":"open","ping_status":"open","sticky":false,"template":"","format":"standard","meta":{"footnotes":""},"categories":[25],"tags":[],"class_list":["post-1868","post","type-post","status-publish","format-standard","has-post-thumbnail","hentry","category-benin-info"],"rttpg_featured_image_url":{"full":["https:\/\/toundemediea.olorundigitech.com\/wp-content\/uploads\/2026\/07\/F9B50570-2448-470D-8960-79526DB9D096.jpeg",2048,1365,false],"landscape":["https:\/\/toundemediea.olorundigitech.com\/wp-content\/uploads\/2026\/07\/F9B50570-2448-470D-8960-79526DB9D096.jpeg",2048,1365,false],"portraits":["https:\/\/toundemediea.olorundigitech.com\/wp-content\/uploads\/2026\/07\/F9B50570-2448-470D-8960-79526DB9D096.jpeg",2048,1365,false],"thumbnail":["https:\/\/toundemediea.olorundigitech.com\/wp-content\/uploads\/2026\/07\/F9B50570-2448-470D-8960-79526DB9D096-150x150.jpeg",150,150,true],"medium":["https:\/\/toundemediea.olorundigitech.com\/wp-content\/uploads\/2026\/07\/F9B50570-2448-470D-8960-79526DB9D096-300x200.jpeg",300,200,true],"large":["https:\/\/toundemediea.olorundigitech.com\/wp-content\/uploads\/2026\/07\/F9B50570-2448-470D-8960-79526DB9D096-1024x683.jpeg",960,640,true],"1536x1536":["https:\/\/toundemediea.olorundigitech.com\/wp-content\/uploads\/2026\/07\/F9B50570-2448-470D-8960-79526DB9D096-1536x1024.jpeg",1536,1024,true],"2048x2048":["https:\/\/toundemediea.olorundigitech.com\/wp-content\/uploads\/2026\/07\/F9B50570-2448-470D-8960-79526DB9D096.jpeg",2048,1365,false],"smart-post-landscape":["https:\/\/toundemediea.olorundigitech.com\/wp-content\/uploads\/2026\/07\/F9B50570-2448-470D-8960-79526DB9D096-870x570.jpeg",870,570,true],"smart-post-portrait":["https:\/\/toundemediea.olorundigitech.com\/wp-content\/uploads\/2026\/07\/F9B50570-2448-470D-8960-79526DB9D096-600x900.jpeg",600,900,true],"htmagazine_grid":["https:\/\/toundemediea.olorundigitech.com\/wp-content\/uploads\/2026\/07\/F9B50570-2448-470D-8960-79526DB9D096-640x218.jpeg",640,218,true]},"rttpg_author":{"display_name":"admin","author_link":"https:\/\/toundemediea.olorundigitech.com\/accueil\/author\/admin\/"},"rttpg_comment":0,"rttpg_category":"<a href=\"https:\/\/toundemediea.olorundigitech.com\/accueil\/category\/benin-info\/\" rel=\"category tag\">Benin info<\/a>","rttpg_excerpt":"La commune de Lokossa poursuit ses efforts en faveur de l&rsquo;am\u00e9lioration de l&rsquo;acc\u00e8s \u00e0 l&rsquo;\u00e9nergie \u00e9lectrique. Dans cette dynamique, \ud835\uddf9\ud835\uddf2 \ud835\udde0\ud835\uddee\ud835\uddf6\ud835\uddff\ud835\uddf2 \ud835\udddd\ud835\uddfc\ud835\uddf5\ud835\uddfb \ud835\udddb\ud835\udde2\ud835\udde8\ud835\udde1\ud835\udded\ud835\uddd4 a re\u00e7u en audience, ce vendredi 12 juin 2026, une d\u00e9l\u00e9gation du Projet d&rsquo;Augmentation de l&rsquo;Acc\u00e8s \u00e0 l&rsquo;\u00c9lectricit\u00e9 (\ud835\udde32\ud835\uddd4\ud835\uddd8), venue \u00e9changer avec les autorit\u00e9s communales sur le d\u00e9marrage des travaux de densification\u2026","_links":{"self":[{"href":"https:\/\/toundemediea.olorundigitech.com\/accueil\/wp-json\/wp\/v2\/posts\/1868","targetHints":{"allow":["GET"]}}],"collection":[{"href":"https:\/\/toundemediea.olorundigitech.com\/accueil\/wp-json\/wp\/v2\/posts"}],"about":[{"href":"https:\/\/toundemediea.olorundigitech.com\/accueil\/wp-json\/wp\/v2\/types\/post"}],"author":[{"embeddable":true,"href":"https:\/\/toundemediea.olorundigitech.com\/accueil\/wp-json\/wp\/v2\/users\/1"}],"replies":[{"embeddable":true,"href":"https:\/\/toundemediea.olorundigitech.com\/accueil\/wp-json\/wp\/v2\/comments?post=1868"}],"version-history":[{"count":1,"href":"https:\/\/toundemediea.olorundigitech.com\/accueil\/wp-json\/wp\/v2\/posts\/1868\/revisions"}],"predecessor-version":[{"id":1872,"href":"https:\/\/toundemediea.olorundigitech.com\/accueil\/wp-json\/wp\/v2\/posts\/1868\/revisions\/1872"}],"wp:featuredmedia":[{"embeddable":true,"href":"https:\/\/toundemediea.olorundigitech.com\/accueil\/wp-json\/wp\/v2\/media\/1869"}],"wp:attachment":[{"href":"https:\/\/toundemediea.olorundigitech.com\/accueil\/wp-json\/wp\/v2\/media?parent=1868"}],"wp:term":[{"taxonomy":"category","embeddable":true,"href":"https:\/\/toundemediea.olorundigitech.com\/accueil\/wp-json\/wp\/v2\/categories?post=1868"},{"taxonomy":"post_tag","embeddable":true,"href":"https:\/\/toundemediea.olorundigitech.com\/accueil\/wp-json\/wp\/v2\/tags?post=1868"}],"curies":[{"name":"wp","href":"https:\/\/api.w.org\/{rel}","templated":true}]}}