{"id":1858,"date":"2026-07-11T08:56:39","date_gmt":"2026-07-11T06:56:39","guid":{"rendered":"https:\/\/toundemediea.olorundigitech.com\/accueil\/?p=1858"},"modified":"2026-07-11T08:56:41","modified_gmt":"2026-07-11T06:56:41","slug":"inondations-a-medehounta-le-maire-john-hounza-au-contact-des-populations-sinistrees","status":"publish","type":"post","link":"https:\/\/toundemediea.olorundigitech.com\/accueil\/inondations-a-medehounta-le-maire-john-hounza-au-contact-des-populations-sinistrees\/","title":{"rendered":"INONDATIONS \u00c0 M\u00c9D\u00c9HOUNTA : LE MAIRE JOHN HOUNZA AU CONTACT DES POPULATIONS SINISTR\u00c9ES"},"content":{"rendered":"\n<p class=\"wp-block-paragraph\">Face aux inondations qui affectent le village de M\u00e9d\u00e9hounta, dans l&rsquo;arrondissement de Ou\u00e8d\u00e8m\u00e8-Adja, le maire de la commune de Lokossa, \ud835\udddd\ud835\uddfc\ud835\uddf5\ud835\uddfb \ud835\udddb\ud835\udde2\ud835\udde8\ud835\udde1\ud835\udded\ud835\uddd4, s&rsquo;est rendu sur le terrain le mardi 9 juin 2026 pour constater de visu l&rsquo;ampleur des d\u00e9g\u00e2ts caus\u00e9s par la mont\u00e9e des eaux.<\/p>\n\n\n\n<p class=\"wp-block-paragraph\">Accompagn\u00e9 de collaborateurs et d&rsquo;acteurs locaux, l&rsquo;autorit\u00e9 communale a parcouru les zones les plus touch\u00e9es afin d&rsquo;\u00e9changer directement avec les populations sinistr\u00e9es et de mieux appr\u00e9cier leurs difficult\u00e9s quotidiennes. Cette descente a \u00e9galement permis au maire de sensibiliser les habitants sur les comportements \u00e0 adopter face aux risques li\u00e9s aux inondations, notamment la protection des enfants, la pr\u00e9servation de l&rsquo;hygi\u00e8ne dans les m\u00e9nages et le respect des consignes de s\u00e9curit\u00e9.<\/p>\n\n\n\n<figure class=\"wp-block-gallery has-nested-images columns-default is-cropped wp-block-gallery-1 is-layout-flex wp-block-gallery-is-layout-flex\">\n<figure class=\"wp-block-image size-large\"><img fetchpriority=\"high\" decoding=\"async\" width=\"1024\" height=\"683\" data-id=\"1865\" src=\"https:\/\/toundemediea.olorundigitech.com\/wp-content\/uploads\/2026\/07\/IMG_8971-1024x683.jpeg\" alt=\"\" class=\"wp-image-1865\" srcset=\"https:\/\/toundemediea.olorundigitech.com\/wp-content\/uploads\/2026\/07\/IMG_8971-1024x683.jpeg 1024w, https:\/\/toundemediea.olorundigitech.com\/wp-content\/uploads\/2026\/07\/IMG_8971-300x200.jpeg 300w, https:\/\/toundemediea.olorundigitech.com\/wp-content\/uploads\/2026\/07\/IMG_8971-768x512.jpeg 768w, https:\/\/toundemediea.olorundigitech.com\/wp-content\/uploads\/2026\/07\/IMG_8971-1536x1024.jpeg 1536w, https:\/\/toundemediea.olorundigitech.com\/wp-content\/uploads\/2026\/07\/IMG_8971.jpeg 2048w\" sizes=\"(max-width: 1024px) 100vw, 1024px\" \/><\/figure>\n\n\n\n<figure class=\"wp-block-image size-large\"><img decoding=\"async\" width=\"736\" height=\"1024\" data-id=\"1866\" src=\"https:\/\/toundemediea.olorundigitech.com\/wp-content\/uploads\/2026\/07\/IMG_8968-1-736x1024.jpeg\" alt=\"\" class=\"wp-image-1866\" srcset=\"https:\/\/toundemediea.olorundigitech.com\/wp-content\/uploads\/2026\/07\/IMG_8968-1-736x1024.jpeg 736w, https:\/\/toundemediea.olorundigitech.com\/wp-content\/uploads\/2026\/07\/IMG_8968-1-216x300.jpeg 216w, https:\/\/toundemediea.olorundigitech.com\/wp-content\/uploads\/2026\/07\/IMG_8968-1-768x1069.jpeg 768w, https:\/\/toundemediea.olorundigitech.com\/wp-content\/uploads\/2026\/07\/IMG_8968-1-1104x1536.jpeg 1104w, https:\/\/toundemediea.olorundigitech.com\/wp-content\/uploads\/2026\/07\/IMG_8968-1.jpeg 1472w\" sizes=\"(max-width: 736px) 100vw, 736px\" \/><\/figure>\n\n\n\n<figure class=\"wp-block-image size-large\"><img decoding=\"async\" width=\"683\" height=\"1024\" data-id=\"1862\" src=\"https:\/\/toundemediea.olorundigitech.com\/wp-content\/uploads\/2026\/07\/IMG_8969-683x1024.jpeg\" alt=\"\" class=\"wp-image-1862\" srcset=\"https:\/\/toundemediea.olorundigitech.com\/wp-content\/uploads\/2026\/07\/IMG_8969-683x1024.jpeg 683w, https:\/\/toundemediea.olorundigitech.com\/wp-content\/uploads\/2026\/07\/IMG_8969-200x300.jpeg 200w, https:\/\/toundemediea.olorundigitech.com\/wp-content\/uploads\/2026\/07\/IMG_8969-768x1152.jpeg 768w, https:\/\/toundemediea.olorundigitech.com\/wp-content\/uploads\/2026\/07\/IMG_8969-1024x1536.jpeg 1024w, https:\/\/toundemediea.olorundigitech.com\/wp-content\/uploads\/2026\/07\/IMG_8969-600x900.jpeg 600w, https:\/\/toundemediea.olorundigitech.com\/wp-content\/uploads\/2026\/07\/IMG_8969.jpeg 1365w\" sizes=\"(max-width: 683px) 100vw, 683px\" \/><\/figure>\n<\/figure>\n\n\n\n<p class=\"wp-block-paragraph\">Au cours des \u00e9changes, \ud835\udddd\ud835\uddfc\ud835\uddf5\ud835\uddfb \ud835\udddb\ud835\udde2\ud835\udde8\ud835\udde1\ud835\udded\ud835\uddd4 a invit\u00e9 les populations \u00e0 faire preuve de vigilance et de solidarit\u00e9 en attendant la mise en \u0153uvre des mesures d&rsquo;assistance envisag\u00e9es par la commune et ses partenaires.<\/p>\n\n\n\n<p class=\"wp-block-paragraph\">\u00c0 la suite de cette visite de terrain, le maire a convoqu\u00e9 en urgence, le vendredi 12 juin 2026, la Plateforme communale de Gestion des Risques et Catastrophes et d&rsquo;Adaptation aux Changements Climatiques afin d&rsquo;\u00e9valuer la situation et de d\u00e9finir les r\u00e9ponses appropri\u00e9es.<\/p>\n\n\n\n<p class=\"wp-block-paragraph\">Au terme de la r\u00e9union, plusieurs mesures d&rsquo;urgence ont \u00e9t\u00e9 arr\u00eat\u00e9es, notamment l&rsquo;acquisition de deux pirogues pour faciliter les d\u00e9placements des \u00e9l\u00e8ves, des apprentis et des populations affect\u00e9es, l&rsquo;achat de vivres au profit des m\u00e9nages sinistr\u00e9s ainsi que le recensement exhaustif des victimes et l&rsquo;\u00e9valuation des d\u00e9g\u00e2ts par les Chefs de Village et les Chefs d&rsquo;Arrondissement.<\/p>\n\n\n\n<p class=\"wp-block-paragraph\">Les donn\u00e9es recueillies permettront \u00e0 la mairie de saisir l&rsquo;Agence Nationale de Protection Civile afin de solliciter un accompagnement adapt\u00e9 \u00e0 l&rsquo;ampleur de la catastrophe.<\/p>\n\n\n\n<p class=\"wp-block-paragraph\">Par cette d\u00e9marche de proximit\u00e9, \ud835\uddf9\ud835\uddf2 \ud835\udde0\ud835\uddee\ud835\uddf6\ud835\uddff\ud835\uddf2 \ud835\udddd\ud835\uddfc\ud835\uddf5\ud835\uddfb \ud835\udddb\ud835\udde2\ud835\udde8\ud835\udde1\ud835\udded\ud835\uddd4 r\u00e9affirme la volont\u00e9 de la municipalit\u00e9 de rester \u00e0 l&rsquo;\u00e9coute des populations et d&rsquo;apporter des r\u00e9ponses concr\u00e8tes aux d\u00e9fis engendr\u00e9s par les changements climatiques et les catastrophes naturelles.<\/p>\n\n\n\n<p class=\"wp-block-paragraph\">\u270d\ufe0f#\ud835\uddff\ud835\uddee\ud835\uddf1\ud835\uddf7\ud835\uddf6\ud835\ude00\ud835\uddee\ud835\uddf6\ud835\uddf1<\/p>\n\n\n\n<p class=\"wp-block-paragraph\"><\/p>\n","protected":false},"excerpt":{"rendered":"<p>Face aux inondations qui affectent le village de M\u00e9d\u00e9hounta, dans l&rsquo;arrondissement de Ou\u00e8d\u00e8m\u00e8-Adja, le maire de la commune de Lokossa, \ud835\udddd\ud835\uddfc\ud835\uddf5\ud835\uddfb \ud835\udddb\ud835\udde2\ud835\udde8\ud835\udde1\ud835\udded\ud835\uddd4, s&rsquo;est rendu sur le terrain le mardi 9 juin 2026 pour constater de visu l&rsquo;ampleur des d\u00e9g\u00e2ts caus\u00e9s par la mont\u00e9e des eaux. Accompagn\u00e9 de collaborateurs et d&rsquo;acteurs locaux, l&rsquo;autorit\u00e9 communale a parcouru les zones les plus touch\u00e9es afin d&rsquo;\u00e9changer directement avec les populations sinistr\u00e9es et de mieux appr\u00e9cier leurs difficult\u00e9s quotidiennes. Cette descente a \u00e9galement permis au maire de sensibiliser les habitants sur les comportements \u00e0 adopter face aux risques li\u00e9s aux inondations, notamment la protection des enfants, la pr\u00e9servation de l&rsquo;hygi\u00e8ne dans les m\u00e9nages et le respect des consignes de s\u00e9curit\u00e9. Au cours des \u00e9changes, \ud835\udddd\ud835\uddfc\ud835\uddf5\ud835\uddfb \ud835\udddb\ud835\udde2\ud835\udde8\ud835\udde1\ud835\udded\ud835\uddd4 a invit\u00e9 les populations \u00e0 faire preuve de vigilance et de solidarit\u00e9 en attendant la mise en \u0153uvre des mesures d&rsquo;assistance envisag\u00e9es par la commune et ses partenaires. \u00c0 la suite de cette visite de terrain, le maire a convoqu\u00e9 en urgence, le vendredi 12 juin 2026, la Plateforme communale de Gestion des Risques et Catastrophes et d&rsquo;Adaptation aux Changements Climatiques afin d&rsquo;\u00e9valuer la situation et de d\u00e9finir les r\u00e9ponses appropri\u00e9es. Au terme de la r\u00e9union, plusieurs mesures d&rsquo;urgence ont \u00e9t\u00e9 arr\u00eat\u00e9es, notamment l&rsquo;acquisition de deux pirogues pour faciliter les d\u00e9placements des \u00e9l\u00e8ves, des apprentis et des populations affect\u00e9es, l&rsquo;achat de vivres au profit des m\u00e9nages sinistr\u00e9s ainsi que le recensement exhaustif des victimes et l&rsquo;\u00e9valuation des d\u00e9g\u00e2ts par les Chefs de Village et les Chefs d&rsquo;Arrondissement. Les donn\u00e9es recueillies permettront \u00e0 la mairie de saisir l&rsquo;Agence Nationale de Protection Civile afin de solliciter un accompagnement adapt\u00e9 \u00e0 l&rsquo;ampleur de la catastrophe. Par cette d\u00e9marche de proximit\u00e9, \ud835\uddf9\ud835\uddf2 \ud835\udde0\ud835\uddee\ud835\uddf6\ud835\uddff\ud835\uddf2 \ud835\udddd\ud835\uddfc\ud835\uddf5\ud835\uddfb \ud835\udddb\ud835\udde2\ud835\udde8\ud835\udde1\ud835\udded\ud835\uddd4 r\u00e9affirme la volont\u00e9 de la municipalit\u00e9 de rester \u00e0 l&rsquo;\u00e9coute des populations et d&rsquo;apporter des r\u00e9ponses concr\u00e8tes aux d\u00e9fis engendr\u00e9s par les changements climatiques et les catastrophes naturelles. \u270d\ufe0f#\ud835\uddff\ud835\uddee\ud835\uddf1\ud835\uddf7\ud835\uddf6\ud835\ude00\ud835\uddee\ud835\uddf6\ud835\uddf1<\/p>\n","protected":false},"author":1,"featured_media":1861,"comment_status":"open","ping_status":"open","sticky":false,"template":"","format":"standard","meta":{"footnotes":""},"categories":[25],"tags":[],"class_list":["post-1858","post","type-post","status-publish","format-standard","has-post-thumbnail","hentry","category-benin-info"],"rttpg_featured_image_url":{"full":["https:\/\/toundemediea.olorundigitech.com\/wp-content\/uploads\/2026\/07\/IMG_8970.jpeg",2048,1365,false],"landscape":["https:\/\/toundemediea.olorundigitech.com\/wp-content\/uploads\/2026\/07\/IMG_8970.jpeg",2048,1365,false],"portraits":["https:\/\/toundemediea.olorundigitech.com\/wp-content\/uploads\/2026\/07\/IMG_8970.jpeg",2048,1365,false],"thumbnail":["https:\/\/toundemediea.olorundigitech.com\/wp-content\/uploads\/2026\/07\/IMG_8970-150x150.jpeg",150,150,true],"medium":["https:\/\/toundemediea.olorundigitech.com\/wp-content\/uploads\/2026\/07\/IMG_8970-300x200.jpeg",300,200,true],"large":["https:\/\/toundemediea.olorundigitech.com\/wp-content\/uploads\/2026\/07\/IMG_8970-1024x683.jpeg",960,640,true],"1536x1536":["https:\/\/toundemediea.olorundigitech.com\/wp-content\/uploads\/2026\/07\/IMG_8970-1536x1024.jpeg",1536,1024,true],"2048x2048":["https:\/\/toundemediea.olorundigitech.com\/wp-content\/uploads\/2026\/07\/IMG_8970.jpeg",2048,1365,false],"smart-post-landscape":["https:\/\/toundemediea.olorundigitech.com\/wp-content\/uploads\/2026\/07\/IMG_8970-870x570.jpeg",870,570,true],"smart-post-portrait":["https:\/\/toundemediea.olorundigitech.com\/wp-content\/uploads\/2026\/07\/IMG_8970-600x900.jpeg",600,900,true],"htmagazine_grid":["https:\/\/toundemediea.olorundigitech.com\/wp-content\/uploads\/2026\/07\/IMG_8970-640x218.jpeg",640,218,true]},"rttpg_author":{"display_name":"admin","author_link":"https:\/\/toundemediea.olorundigitech.com\/accueil\/author\/admin\/"},"rttpg_comment":0,"rttpg_category":"<a href=\"https:\/\/toundemediea.olorundigitech.com\/accueil\/category\/benin-info\/\" rel=\"category tag\">Benin info<\/a>","rttpg_excerpt":"Face aux inondations qui affectent le village de M\u00e9d\u00e9hounta, dans l&rsquo;arrondissement de Ou\u00e8d\u00e8m\u00e8-Adja, le maire de la commune de Lokossa, \ud835\udddd\ud835\uddfc\ud835\uddf5\ud835\uddfb \ud835\udddb\ud835\udde2\ud835\udde8\ud835\udde1\ud835\udded\ud835\uddd4, s&rsquo;est rendu sur le terrain le mardi 9 juin 2026 pour constater de visu l&rsquo;ampleur des d\u00e9g\u00e2ts caus\u00e9s par la mont\u00e9e des eaux. Accompagn\u00e9 de collaborateurs et d&rsquo;acteurs locaux, l&rsquo;autorit\u00e9 communale a parcouru\u2026","_links":{"self":[{"href":"https:\/\/toundemediea.olorundigitech.com\/accueil\/wp-json\/wp\/v2\/posts\/1858","targetHints":{"allow":["GET"]}}],"collection":[{"href":"https:\/\/toundemediea.olorundigitech.com\/accueil\/wp-json\/wp\/v2\/posts"}],"about":[{"href":"https:\/\/toundemediea.olorundigitech.com\/accueil\/wp-json\/wp\/v2\/types\/post"}],"author":[{"embeddable":true,"href":"https:\/\/toundemediea.olorundigitech.com\/accueil\/wp-json\/wp\/v2\/users\/1"}],"replies":[{"embeddable":true,"href":"https:\/\/toundemediea.olorundigitech.com\/accueil\/wp-json\/wp\/v2\/comments?post=1858"}],"version-history":[{"count":1,"href":"https:\/\/toundemediea.olorundigitech.com\/accueil\/wp-json\/wp\/v2\/posts\/1858\/revisions"}],"predecessor-version":[{"id":1867,"href":"https:\/\/toundemediea.olorundigitech.com\/accueil\/wp-json\/wp\/v2\/posts\/1858\/revisions\/1867"}],"wp:featuredmedia":[{"embeddable":true,"href":"https:\/\/toundemediea.olorundigitech.com\/accueil\/wp-json\/wp\/v2\/media\/1861"}],"wp:attachment":[{"href":"https:\/\/toundemediea.olorundigitech.com\/accueil\/wp-json\/wp\/v2\/media?parent=1858"}],"wp:term":[{"taxonomy":"category","embeddable":true,"href":"https:\/\/toundemediea.olorundigitech.com\/accueil\/wp-json\/wp\/v2\/categories?post=1858"},{"taxonomy":"post_tag","embeddable":true,"href":"https:\/\/toundemediea.olorundigitech.com\/accueil\/wp-json\/wp\/v2\/tags?post=1858"}],"curies":[{"name":"wp","href":"https:\/\/api.w.org\/{rel}","templated":true}]}}