{"id":1852,"date":"2026-07-11T08:42:18","date_gmt":"2026-07-11T06:42:18","guid":{"rendered":"https:\/\/toundemediea.olorundigitech.com\/accueil\/?p=1852"},"modified":"2026-07-11T08:42:20","modified_gmt":"2026-07-11T06:42:20","slug":"%f0%9d%97%94%f0%9d%97%a5%f0%9d%97%a7%f0%9d%97%9c%f0%9d%97%a6%f0%9d%97%94%f0%9d%97%a1%f0%9d%97%94%f0%9d%97%a7-%f0%9d%97%9f%f0%9d%97%ae-%f0%9d%97%b1%f0%9d%97%b2%f0%9d%97%b9%f0%9d%97%b2","status":"publish","type":"post","link":"https:\/\/toundemediea.olorundigitech.com\/accueil\/%f0%9d%97%94%f0%9d%97%a5%f0%9d%97%a7%f0%9d%97%9c%f0%9d%97%a6%f0%9d%97%94%f0%9d%97%a1%f0%9d%97%94%f0%9d%97%a7-%f0%9d%97%9f%f0%9d%97%ae-%f0%9d%97%b1%f0%9d%97%b2%f0%9d%97%b9%f0%9d%97%b2\/","title":{"rendered":"\ud835\uddd4\ud835\udde5\ud835\udde7\ud835\udddc\ud835\udde6\ud835\uddd4\ud835\udde1\ud835\uddd4\ud835\udde7 : \ud835\udddf\ud835\uddee \ud835\uddf1\ud835\uddf2\u0301\ud835\uddf9\ud835\uddf2\u0301\ud835\uddf4\ud835\uddee\ud835\ude01\ud835\uddf6\ud835\uddfc\ud835\uddfb \ud835\uddf1\ud835\uddf2\u0301\ud835\uddfd\ud835\uddee\ud835\uddff\ud835\ude01\ud835\uddf2\ud835\uddfa\ud835\uddf2\ud835\uddfb\ud835\ude01\ud835\uddee\ud835\uddf9\ud835\uddf2 \ud835\uddf1\ud835\ude02 \ud835\udde0\ud835\uddfc\ud835\uddfb\ud835\uddfc \ud835\uddee\ud835\uddf0\ud835\uddf0\ud835\uddf2\u0301\ud835\uddf9\ud835\uddf2\u0300\ud835\uddff\ud835\uddf2 \ud835\uddf9\ud835\uddf2\ud835\ude00 \ud835\uddfd\ud835\uddff\ud835\uddf2\u0301\ud835\uddfd\ud835\uddee\ud835\uddff\ud835\uddee\ud835\ude01\ud835\uddf6\ud835\uddf3\ud835\ude00 \ud835\uddf1\ud835\uddf2 \ud835\uddf9\ud835\uddee \ud835\udddd\ud835\uddd4\ud835\uddd5 2026"},"content":{"rendered":"\n<p class=\"wp-block-paragraph\">Lokossa, 3 juillet 2026 \u2013 La D\u00e9l\u00e9gation d\u00e9partementale du Mono de la Chambre des M\u00e9tiers de l&rsquo;Artisanat du B\u00e9nin (CMA-B\u00e9nin) met les bouch\u00e9es doubles pour la r\u00e9ussite de la Journ\u00e9e de l&rsquo;Artisan B\u00e9ninois (JAB) 2026. R\u00e9unis en session trimestrielle statutaire \u00e0 Lokossa, les six \u00e9lus d\u00e9partementaux ont pass\u00e9 en revue les principaux dossiers li\u00e9s au d\u00e9veloppement du secteur artisanal, avec un accent particulier sur les pr\u00e9paratifs de cet \u00e9v\u00e9nement national.<\/p>\n\n\n\n<figure class=\"wp-block-gallery has-nested-images columns-default is-cropped wp-block-gallery-1 is-layout-flex wp-block-gallery-is-layout-flex\">\n<figure class=\"wp-block-image size-large\"><img fetchpriority=\"high\" decoding=\"async\" width=\"720\" height=\"960\" data-id=\"1855\" src=\"https:\/\/toundemediea.olorundigitech.com\/wp-content\/uploads\/2026\/07\/IMG_8964.jpeg\" alt=\"\" class=\"wp-image-1855\" srcset=\"https:\/\/toundemediea.olorundigitech.com\/wp-content\/uploads\/2026\/07\/IMG_8964.jpeg 720w, https:\/\/toundemediea.olorundigitech.com\/wp-content\/uploads\/2026\/07\/IMG_8964-225x300.jpeg 225w\" sizes=\"(max-width: 720px) 100vw, 720px\" \/><\/figure>\n\n\n\n<figure class=\"wp-block-image size-large\"><img decoding=\"async\" width=\"460\" height=\"1024\" data-id=\"1854\" src=\"https:\/\/toundemediea.olorundigitech.com\/wp-content\/uploads\/2026\/07\/IMG_8963-460x1024.jpeg\" alt=\"\" class=\"wp-image-1854\" srcset=\"https:\/\/toundemediea.olorundigitech.com\/wp-content\/uploads\/2026\/07\/IMG_8963-460x1024.jpeg 460w, https:\/\/toundemediea.olorundigitech.com\/wp-content\/uploads\/2026\/07\/IMG_8963-135x300.jpeg 135w, https:\/\/toundemediea.olorundigitech.com\/wp-content\/uploads\/2026\/07\/IMG_8963.jpeg 518w\" sizes=\"(max-width: 460px) 100vw, 460px\" \/><\/figure>\n\n\n\n<figure class=\"wp-block-image size-large\"><img decoding=\"async\" width=\"720\" height=\"960\" data-id=\"1856\" src=\"https:\/\/toundemediea.olorundigitech.com\/wp-content\/uploads\/2026\/07\/IMG_8962.jpeg\" alt=\"\" class=\"wp-image-1856\" srcset=\"https:\/\/toundemediea.olorundigitech.com\/wp-content\/uploads\/2026\/07\/IMG_8962.jpeg 720w, https:\/\/toundemediea.olorundigitech.com\/wp-content\/uploads\/2026\/07\/IMG_8962-225x300.jpeg 225w\" sizes=\"(max-width: 720px) 100vw, 720px\" \/><\/figure>\n<\/figure>\n\n\n\n<p class=\"wp-block-paragraph\">Pr\u00e9sid\u00e9e par le Chef de la D\u00e9l\u00e9gation d\u00e9partementale, Jean MAZIAGNIN, la rencontre a \u00e9galement enregistr\u00e9 la participation de \ud835\udde6\ud835\uddf2\ud835\uddff\ud835\uddf4\ud835\uddf2 \ud835\uddd5\ud835\uddd4\ud835\uddde\ud835\udde3\ud835\uddd8\ud835\udde9\ud835\udddc, Vice-pr\u00e9sident de la Chambre des M\u00e9tiers de l&rsquo;Artisanat du B\u00e9nin (CMA-B\u00e9nin) et membre des six \u00e9lus du d\u00e9partement du Mono. Sa pr\u00e9sence t\u00e9moigne de l&rsquo;importance accord\u00e9e \u00e0 cette session de travail consacr\u00e9e aux enjeux majeurs de l&rsquo;artisanat dans le d\u00e9partement.<\/p>\n\n\n\n<p class=\"wp-block-paragraph\">Les participants ont \u00e9valu\u00e9 le niveau d&rsquo;avancement de l&rsquo;organisation de la JAB 2026 et insist\u00e9 sur la n\u00e9cessit\u00e9 d&rsquo;une forte mobilisation de l&rsquo;ensemble des acteurs afin de faire de cette \u00e9dition une vitrine du savoir-faire et du g\u00e9nie cr\u00e9atif des artisans du Mono.<\/p>\n\n\n\n<p class=\"wp-block-paragraph\">Les travaux ont \u00e9galement \u00e9t\u00e9 consacr\u00e9s \u00e0 l&rsquo;examen des rapports des diff\u00e9rentes commissions permanentes de la CMA-B\u00e9nin. Les \u00e9lus ont pris connaissance des recommandations issues de la Commission des formations professionnelles, de la Commission du d\u00e9veloppement des entreprises et de l&rsquo;\u00e9volution des m\u00e9tiers, ainsi que de la Commission de la promotion du secteur de l&rsquo;artisanat, de la communication et des relations avec les Organisations Professionnelles d&rsquo;Artisans (OPA).<\/p>\n\n\n\n<p class=\"wp-block-paragraph\">La r\u00e9union a aussi permis de faire le point sur les conclusions du s\u00e9minaire national consacr\u00e9 au Code communautaire de l&rsquo;artisanat de l&rsquo;UEMOA. Les \u00e9changes ont soulign\u00e9 l&rsquo;importance d&rsquo;une large vulgarisation de ce texte afin que les artisans s&rsquo;approprient les dispositions qui encadrent leur activit\u00e9 et saisissent les opportunit\u00e9s offertes par l&rsquo;int\u00e9gration r\u00e9gionale.<\/p>\n\n\n\n<p class=\"wp-block-paragraph\">Dans les divers, plusieurs pr\u00e9occupations relatives au fonctionnement de la d\u00e9l\u00e9gation et au renforcement de l&rsquo;accompagnement des artisans ont \u00e9t\u00e9 examin\u00e9es. Les membres ont r\u00e9affirm\u00e9 leur volont\u00e9 de poursuivre les actions visant \u00e0 am\u00e9liorer les conditions d&rsquo;exercice des professionnels du secteur.<\/p>\n\n\n\n<p class=\"wp-block-paragraph\">En cl\u00f4turant les travaux, le Chef de la D\u00e9l\u00e9gation d\u00e9partementale, \ud835\udddd\ud835\uddf2\ud835\uddee\ud835\uddfb \ud835\udde0\ud835\uddd4\ud835\udded\ud835\udddc\ud835\uddd4\ud835\uddda\ud835\udde1\ud835\udddc\ud835\udde1, a salu\u00e9 l&rsquo;engagement des \u00e9lus et les a invit\u00e9s \u00e0 maintenir la dynamique engag\u00e9e pour assurer le succ\u00e8s de la Journ\u00e9e de l&rsquo;Artisan B\u00e9ninois 2026, rendez-vous majeur de promotion de l&rsquo;artisanat b\u00e9ninois.<\/p>\n\n\n\n<p class=\"wp-block-paragraph\">\u270d\ud83c\udffd Sa\u00efdou Babatound\u00e9 RADJI<\/p>\n\n\n\n<p class=\"wp-block-paragraph\"><\/p>\n","protected":false},"excerpt":{"rendered":"<p>Lokossa, 3 juillet 2026 \u2013 La D\u00e9l\u00e9gation d\u00e9partementale du Mono de la Chambre des M\u00e9tiers de l&rsquo;Artisanat du B\u00e9nin (CMA-B\u00e9nin) met les bouch\u00e9es doubles pour la r\u00e9ussite de la Journ\u00e9e de l&rsquo;Artisan B\u00e9ninois (JAB) 2026. R\u00e9unis en session trimestrielle statutaire \u00e0 Lokossa, les six \u00e9lus d\u00e9partementaux ont pass\u00e9 en revue les principaux dossiers li\u00e9s au d\u00e9veloppement du secteur artisanal, avec un accent particulier sur les pr\u00e9paratifs de cet \u00e9v\u00e9nement national. Pr\u00e9sid\u00e9e par le Chef de la D\u00e9l\u00e9gation d\u00e9partementale, Jean MAZIAGNIN, la rencontre a \u00e9galement enregistr\u00e9 la participation de \ud835\udde6\ud835\uddf2\ud835\uddff\ud835\uddf4\ud835\uddf2 \ud835\uddd5\ud835\uddd4\ud835\uddde\ud835\udde3\ud835\uddd8\ud835\udde9\ud835\udddc, Vice-pr\u00e9sident de la Chambre des M\u00e9tiers de l&rsquo;Artisanat du B\u00e9nin (CMA-B\u00e9nin) et membre des six \u00e9lus du d\u00e9partement du Mono. Sa pr\u00e9sence t\u00e9moigne de l&rsquo;importance accord\u00e9e \u00e0 cette session de travail consacr\u00e9e aux enjeux majeurs de l&rsquo;artisanat dans le d\u00e9partement. Les participants ont \u00e9valu\u00e9 le niveau d&rsquo;avancement de l&rsquo;organisation de la JAB 2026 et insist\u00e9 sur la n\u00e9cessit\u00e9 d&rsquo;une forte mobilisation de l&rsquo;ensemble des acteurs afin de faire de cette \u00e9dition une vitrine du savoir-faire et du g\u00e9nie cr\u00e9atif des artisans du Mono. Les travaux ont \u00e9galement \u00e9t\u00e9 consacr\u00e9s \u00e0 l&rsquo;examen des rapports des diff\u00e9rentes commissions permanentes de la CMA-B\u00e9nin. Les \u00e9lus ont pris connaissance des recommandations issues de la Commission des formations professionnelles, de la Commission du d\u00e9veloppement des entreprises et de l&rsquo;\u00e9volution des m\u00e9tiers, ainsi que de la Commission de la promotion du secteur de l&rsquo;artisanat, de la communication et des relations avec les Organisations Professionnelles d&rsquo;Artisans (OPA). La r\u00e9union a aussi permis de faire le point sur les conclusions du s\u00e9minaire national consacr\u00e9 au Code communautaire de l&rsquo;artisanat de l&rsquo;UEMOA. Les \u00e9changes ont soulign\u00e9 l&rsquo;importance d&rsquo;une large vulgarisation de ce texte afin que les artisans s&rsquo;approprient les dispositions qui encadrent leur activit\u00e9 et saisissent les opportunit\u00e9s offertes par l&rsquo;int\u00e9gration r\u00e9gionale. Dans les divers, plusieurs pr\u00e9occupations relatives au fonctionnement de la d\u00e9l\u00e9gation et au renforcement de l&rsquo;accompagnement des artisans ont \u00e9t\u00e9 examin\u00e9es. Les membres ont r\u00e9affirm\u00e9 leur volont\u00e9 de poursuivre les actions visant \u00e0 am\u00e9liorer les conditions d&rsquo;exercice des professionnels du secteur. En cl\u00f4turant les travaux, le Chef de la D\u00e9l\u00e9gation d\u00e9partementale, \ud835\udddd\ud835\uddf2\ud835\uddee\ud835\uddfb \ud835\udde0\ud835\uddd4\ud835\udded\ud835\udddc\ud835\uddd4\ud835\uddda\ud835\udde1\ud835\udddc\ud835\udde1, a salu\u00e9 l&rsquo;engagement des \u00e9lus et les a invit\u00e9s \u00e0 maintenir la dynamique engag\u00e9e pour assurer le succ\u00e8s de la Journ\u00e9e de l&rsquo;Artisan B\u00e9ninois 2026, rendez-vous majeur de promotion de l&rsquo;artisanat b\u00e9ninois. \u270d\ud83c\udffd Sa\u00efdou Babatound\u00e9 RADJI<\/p>\n","protected":false},"author":1,"featured_media":1853,"comment_status":"open","ping_status":"open","sticky":false,"template":"","format":"standard","meta":{"footnotes":""},"categories":[25],"tags":[],"class_list":["post-1852","post","type-post","status-publish","format-standard","has-post-thumbnail","hentry","category-benin-info"],"rttpg_featured_image_url":{"full":["https:\/\/toundemediea.olorundigitech.com\/wp-content\/uploads\/2026\/07\/A030B8CB-3C80-4C72-B8C9-BF66B4737A37.jpeg",2048,1152,false],"landscape":["https:\/\/toundemediea.olorundigitech.com\/wp-content\/uploads\/2026\/07\/A030B8CB-3C80-4C72-B8C9-BF66B4737A37.jpeg",2048,1152,false],"portraits":["https:\/\/toundemediea.olorundigitech.com\/wp-content\/uploads\/2026\/07\/A030B8CB-3C80-4C72-B8C9-BF66B4737A37.jpeg",2048,1152,false],"thumbnail":["https:\/\/toundemediea.olorundigitech.com\/wp-content\/uploads\/2026\/07\/A030B8CB-3C80-4C72-B8C9-BF66B4737A37-150x150.jpeg",150,150,true],"medium":["https:\/\/toundemediea.olorundigitech.com\/wp-content\/uploads\/2026\/07\/A030B8CB-3C80-4C72-B8C9-BF66B4737A37-300x169.jpeg",300,169,true],"large":["https:\/\/toundemediea.olorundigitech.com\/wp-content\/uploads\/2026\/07\/A030B8CB-3C80-4C72-B8C9-BF66B4737A37-1024x576.jpeg",960,540,true],"1536x1536":["https:\/\/toundemediea.olorundigitech.com\/wp-content\/uploads\/2026\/07\/A030B8CB-3C80-4C72-B8C9-BF66B4737A37-1536x864.jpeg",1536,864,true],"2048x2048":["https:\/\/toundemediea.olorundigitech.com\/wp-content\/uploads\/2026\/07\/A030B8CB-3C80-4C72-B8C9-BF66B4737A37.jpeg",2048,1152,false],"smart-post-landscape":["https:\/\/toundemediea.olorundigitech.com\/wp-content\/uploads\/2026\/07\/A030B8CB-3C80-4C72-B8C9-BF66B4737A37-870x570.jpeg",870,570,true],"smart-post-portrait":["https:\/\/toundemediea.olorundigitech.com\/wp-content\/uploads\/2026\/07\/A030B8CB-3C80-4C72-B8C9-BF66B4737A37-600x900.jpeg",600,900,true],"htmagazine_grid":["https:\/\/toundemediea.olorundigitech.com\/wp-content\/uploads\/2026\/07\/A030B8CB-3C80-4C72-B8C9-BF66B4737A37-640x218.jpeg",640,218,true]},"rttpg_author":{"display_name":"admin","author_link":"https:\/\/toundemediea.olorundigitech.com\/accueil\/author\/admin\/"},"rttpg_comment":0,"rttpg_category":"<a href=\"https:\/\/toundemediea.olorundigitech.com\/accueil\/category\/benin-info\/\" rel=\"category tag\">Benin info<\/a>","rttpg_excerpt":"Lokossa, 3 juillet 2026 \u2013 La D\u00e9l\u00e9gation d\u00e9partementale du Mono de la Chambre des M\u00e9tiers de l&rsquo;Artisanat du B\u00e9nin (CMA-B\u00e9nin) met les bouch\u00e9es doubles pour la r\u00e9ussite de la Journ\u00e9e de l&rsquo;Artisan B\u00e9ninois (JAB) 2026. R\u00e9unis en session trimestrielle statutaire \u00e0 Lokossa, les six \u00e9lus d\u00e9partementaux ont pass\u00e9 en revue les principaux dossiers li\u00e9s au\u2026","_links":{"self":[{"href":"https:\/\/toundemediea.olorundigitech.com\/accueil\/wp-json\/wp\/v2\/posts\/1852","targetHints":{"allow":["GET"]}}],"collection":[{"href":"https:\/\/toundemediea.olorundigitech.com\/accueil\/wp-json\/wp\/v2\/posts"}],"about":[{"href":"https:\/\/toundemediea.olorundigitech.com\/accueil\/wp-json\/wp\/v2\/types\/post"}],"author":[{"embeddable":true,"href":"https:\/\/toundemediea.olorundigitech.com\/accueil\/wp-json\/wp\/v2\/users\/1"}],"replies":[{"embeddable":true,"href":"https:\/\/toundemediea.olorundigitech.com\/accueil\/wp-json\/wp\/v2\/comments?post=1852"}],"version-history":[{"count":1,"href":"https:\/\/toundemediea.olorundigitech.com\/accueil\/wp-json\/wp\/v2\/posts\/1852\/revisions"}],"predecessor-version":[{"id":1857,"href":"https:\/\/toundemediea.olorundigitech.com\/accueil\/wp-json\/wp\/v2\/posts\/1852\/revisions\/1857"}],"wp:featuredmedia":[{"embeddable":true,"href":"https:\/\/toundemediea.olorundigitech.com\/accueil\/wp-json\/wp\/v2\/media\/1853"}],"wp:attachment":[{"href":"https:\/\/toundemediea.olorundigitech.com\/accueil\/wp-json\/wp\/v2\/media?parent=1852"}],"wp:term":[{"taxonomy":"category","embeddable":true,"href":"https:\/\/toundemediea.olorundigitech.com\/accueil\/wp-json\/wp\/v2\/categories?post=1852"},{"taxonomy":"post_tag","embeddable":true,"href":"https:\/\/toundemediea.olorundigitech.com\/accueil\/wp-json\/wp\/v2\/tags?post=1852"}],"curies":[{"name":"wp","href":"https:\/\/api.w.org\/{rel}","templated":true}]}}